{"id":15808,"date":"2023-05-20T08:59:00","date_gmt":"2023-05-20T11:59:00","guid":{"rendered":"http:\/\/dgospel.com.br\/portal\/?p=15808"},"modified":"2023-05-20T08:59:01","modified_gmt":"2023-05-20T11:59:01","slug":"brasil-simplificara-a-entrada-de-pessoas-lgbtqia-no-pais","status":"publish","type":"post","link":"https:\/\/dgospel.com.br\/portal\/index.php\/2023\/05\/20\/brasil-simplificara-a-entrada-de-pessoas-lgbtqia-no-pais\/","title":{"rendered":"Brasil simplificar\u00e1 a entrada de pessoas LGBTQIA+ no pa\u00eds"},"content":{"rendered":"\n<p>O Minist\u00e9rio da Justi\u00e7a e Seguran\u00e7a P\u00fablica aprovou, nesta quinta-feira (18), a ado\u00e7\u00e3o de procedimento simplificado para an\u00e1lise de pedidos de ref\u00fagio de pessoas LGBTQIA+ provindas de pa\u00edses que aplicam pena de morte ou pris\u00e3o para gays, l\u00e9sbicas, bissexuais, travestis e transexuais.<\/p>\n\n\n\n<p>A medida foi deliberada em reuni\u00e3o ordin\u00e1ria do Comit\u00ea Nacional para Refugiados (Conare). O \u00f3rg\u00e3o reconhece a popula\u00e7\u00e3o em quest\u00e3o como \u201cgrupo social com temor de persegui\u00e7\u00e3o, que merece a prote\u00e7\u00e3o do Estado brasileiro\u201d, conforme definido pelo Estatuto Nacional do Refugiado e pela Conven\u00e7\u00e3o da Organiza\u00e7\u00e3o das Na\u00e7\u00f5es Unidas (ONU) para Refugiados.<\/p>\n\n\n\n<p>De acordo com o Conare, a decis\u00e3o possui car\u00e1ter interministerial em raz\u00e3o da participa\u00e7\u00e3o do Minist\u00e9rio dos Direitos Humanos e da Cidadania.<\/p>\n\n\n\n<p>\u2013 Com esta decis\u00e3o, simb\u00f3lica, tendo em vista o Dia Internacional de Combate \u00e0 Homofobia, em 17 de maio, o Conare ressalta a posi\u00e7\u00e3o hist\u00f3rica do Brasil de pa\u00eds de vanguarda na defesa nacional e internacional da popula\u00e7\u00e3o LGBTQIA+ e cria possibilidades para a integra\u00e7\u00e3o, de forma segura e humanit\u00e1ria, desses migrantes na sociedade brasileira \u2013 diz o comit\u00ea.<\/p>\n\n\n\n<p>Nesta quarta (17), a cerim\u00f4nia alusiva ao Dia Internacional de Combate \u00e0 Homofobia teve a participa\u00e7\u00e3o do ministro dos Direitos Humanos e da Cidadania, Silvio Almeida, e da cantora Daniela Mercury.<\/p>\n\n\n\n<p>De acordo com a legisla\u00e7\u00e3o brasileira, refugiados t\u00eam direito de obter Carteira de Registro Nacional Migrat\u00f3rio (CRNM), do Cadastro de Pessoa F\u00edsica (CPF), da Carteira de Trabalho e Previd\u00eancia Social (CTPS) e documento de viagem.<\/p>\n\n\n\n<p>Os cidad\u00e3os depois tamb\u00e9m podem ter seus diplomas reconhecidos, al\u00e9m de solicitar a extens\u00e3o do status de refugiado aos seus familiares.<\/p>\n\n\n\n<p>*Com informa\u00e7\u00f5es da Ag\u00eancia Brasil<\/p>\n","protected":false},"excerpt":{"rendered":"<p>O Minist\u00e9rio da Justi\u00e7a e Seguran\u00e7a P\u00fablica aprovou, nesta quinta-feira (18), a ado\u00e7\u00e3o de procedimento simplificado para an\u00e1lise de pedidos de ref\u00fagio de pessoas LGBTQIA+ provindas de pa\u00edses que aplicam pena de morte ou pris\u00e3o para gays, l\u00e9sbicas, bissexuais, travestis e transexuais. A medida foi deliberada em reuni\u00e3o ordin\u00e1ria do Comit\u00ea Nacional para Refugiados (Conare). [&hellip;]<\/p>\n","protected":false},"author":2,"featured_media":15809,"comment_status":"open","ping_status":"open","sticky":false,"template":"","format":"standard","meta":[],"categories":[10],"tags":[],"_links":{"self":[{"href":"https:\/\/dgospel.com.br\/portal\/index.php\/wp-json\/wp\/v2\/posts\/15808"}],"collection":[{"href":"https:\/\/dgospel.com.br\/portal\/index.php\/wp-json\/wp\/v2\/posts"}],"about":[{"href":"https:\/\/dgospel.com.br\/portal\/index.php\/wp-json\/wp\/v2\/types\/post"}],"author":[{"embeddable":true,"href":"https:\/\/dgospel.com.br\/portal\/index.php\/wp-json\/wp\/v2\/users\/2"}],"replies":[{"embeddable":true,"href":"https:\/\/dgospel.com.br\/portal\/index.php\/wp-json\/wp\/v2\/comments?post=15808"}],"version-history":[{"count":1,"href":"https:\/\/dgospel.com.br\/portal\/index.php\/wp-json\/wp\/v2\/posts\/15808\/revisions"}],"predecessor-version":[{"id":15810,"href":"https:\/\/dgospel.com.br\/portal\/index.php\/wp-json\/wp\/v2\/posts\/15808\/revisions\/15810"}],"wp:featuredmedia":[{"embeddable":true,"href":"https:\/\/dgospel.com.br\/portal\/index.php\/wp-json\/wp\/v2\/media\/15809"}],"wp:attachment":[{"href":"https:\/\/dgospel.com.br\/portal\/index.php\/wp-json\/wp\/v2\/media?parent=15808"}],"wp:term":[{"taxonomy":"category","embeddable":true,"href":"https:\/\/dgospel.com.br\/portal\/index.php\/wp-json\/wp\/v2\/categories?post=15808"},{"taxonomy":"post_tag","embeddable":true,"href":"https:\/\/dgospel.com.br\/portal\/index.php\/wp-json\/wp\/v2\/tags?post=15808"}],"curies":[{"name":"wp","href":"https:\/\/api.w.org\/{rel}","templated":true}]}}