{"id":1581,"date":"2018-10-13T16:17:06","date_gmt":"2018-10-13T19:17:06","guid":{"rendered":"http:\/\/dgospel.com.br\/portal\/?p=1581"},"modified":"2018-10-13T16:17:06","modified_gmt":"2018-10-13T19:17:06","slug":"haddad-e-manuela-na-igreja-e-deboche-aos-catolicos-diz-padre-douglas-lyra","status":"publish","type":"post","link":"https:\/\/dgospel.com.br\/portal\/index.php\/2018\/10\/13\/haddad-e-manuela-na-igreja-e-deboche-aos-catolicos-diz-padre-douglas-lyra\/","title":{"rendered":"\u201cHaddad e Manuela na Igreja \u00e9 deboche aos cat\u00f3licos\u2019 diz Padre Douglas Lyra"},"content":{"rendered":"<p>O padre Douglas Lyra da Silva utilizou suas redes sociais para fazer uma cr\u00edtica ao fato do candidato do PT \u00e0 Presid\u00eancia da Rep\u00fablica, Fernando Haddad, e sua vice, Manuela D\u2019\u00c1vila, terem ido assistir a uma missa. Para o religioso, a presen\u00e7a de ambos no local \u00e9 um \u201cdeboche aos cat\u00f3licos\u201d. Ele tamb\u00e9m n\u00e3o gostou da dupla ter comungado.<\/p>\n<p>\u2013 Abomin\u00e1vel! At\u00e9 aqui n\u00e3o havia me pronunciado diretamente sobre nenhum candidato, respeitando ao m\u00e1ximo a liberdade de consci\u00eancia, mesmo o meu Facebook sendo pessoal. N\u00e3o obstante, at\u00e9 o presente momento n\u00e3o havia se dado ato t\u00e3o repulsivo e abominante como ocorreu hoje. Um deboche aos cat\u00f3licos que amam a Jesus Eucar\u00edstico. Nem Haddad e nem Manuela poderiam ter comungado, em nenhuma hip\u00f3tese \u2013 escreveu.<\/p>\n<p>Douglas ainda apontou que nem o candidato e nem a vice s\u00e3o cat\u00f3licos.<\/p>\n<p>\u2013 N\u00e3o s\u00e3o cat\u00f3licos, n\u00e3o vivem nem professam a f\u00e9 cat\u00f3lica, e em muitos pontos se op\u00f5em a f\u00e9 cat\u00f3lica. Di\u00e1logo com membros da Igreja \u00e9 uma coisa e at\u00e9 necess\u00e1rio. Instrumentalizar a f\u00e9 \u00e9 outra e manifesta um tremendo oportunismo que n\u00e3o v\u00ea limites. \u00c9 um sacril\u00e9gio \u00e0quilo que temos de mais sagrado, um profundo desrespeito a nossa F\u00e9 Cat\u00f3lica. Estou aqui estarrecido e ainda me faltam palavras para descrever a extens\u00e3o de tamanho horror \u2013 completou.<\/p>\n<p><img loading=\"lazy\" class=\"alignnone size-medium wp-image-1584\" src=\"http:\/\/dgospel.com.br\/portal\/wp-content\/uploads\/2018\/10\/43878351_10210602481611916_8952785725657448448_n-1-300x159.jpg\" alt=\"\" width=\"300\" height=\"159\" srcset=\"https:\/\/dgospel.com.br\/portal\/wp-content\/uploads\/2018\/10\/43878351_10210602481611916_8952785725657448448_n-1-300x159.jpg 300w, https:\/\/dgospel.com.br\/portal\/wp-content\/uploads\/2018\/10\/43878351_10210602481611916_8952785725657448448_n-1.jpg 600w\" sizes=\"(max-width: 300px) 100vw, 300px\" \/><\/p>\n<p><strong>Confira na \u00edntegra <\/strong><\/p>\n<p>ABOMIN\u00c1VEL! At\u00e9 aqui n\u00e3o havia me pronunciado diretamente sobre nenhum candidato, respeitando ao m\u00e1ximo a liberdade de consci\u00eancia, mesmo o meu Facebook sendo pessoal. N\u00e3o obstante, at\u00e9 o presente momento n\u00e3o havia se dado ato t\u00e3o repulsivo e abominante como ocorreu hoje. Um deboche aos cat\u00f3licos que amam a Jesus Eucar\u00edstico. Nem Haddad e nem Manuela poderiam ter comungado, em nenhuma hip\u00f3rtese. N\u00e3o s\u00e3o cat\u00f3licos, n\u00e3o vivem nem professam a f\u00e9 cat\u00f3lica, e em muitos pontos se op\u00f5em a f\u00e9 cat\u00f3lica. Di\u00e1logo com membros da Igreja \u00e9 uma coisa e at\u00e9 necess\u00e1rio, instrumentalizar a f\u00e9 \u00e9 outra e manifesta um tremendo oportunismo que n\u00e3o v\u00ea limites. \u00c9 um Sacril\u00e9gio \u00e0quilo que temos de mais sagrado, um profundo desrespeito a nossa F\u00e9 Cat\u00f3lica. Estou aqui estarrecido e ainda me faltam palavras para descrever a extens\u00e3o de tamanho horror.<br \/>\n<a href=\"https:\/\/www.youtube.com\/watch?v=TrhKnevFo8k\" data-ft=\"{&quot;tn&quot;:&quot;-U&quot;}\" data-lynx-mode=\"asynclazy\" data-lynx-uri=\"https:\/\/l.facebook.com\/l.php?u=https%3A%2F%2Fwww.youtube.com%2Fwatch%3Fv%3DTrhKnevFo8k&amp;h=AT35oJiNJLpI5O7nhsrNJ5VqLxRUp_s3hyjQy83ocOo1HmQvs9wMFQ3RmBbdiLyC3Xp7aJgIEdXGlJgnZ8gQGNGFwqajYcjMuIvAWPTXWUsLrECVC-jevmMte8DPx3Ns7NI-ULk3d9z6_6tV-A\">https:\/\/www.youtube.com\/watch?v=TrhKnevFo8k<\/a><br \/>\n<a href=\"https:\/\/www.facebook.com\/100005086894172\/videos\/1114358008743752\/?fref=mentions\">https:\/\/www.facebook.com\/100005086894172\/videos\/1114358008743752\/<\/a><\/p>\n<p>&nbsp;<\/p>\n<p>Fonte:\u00a0pleno.news<\/p>\n","protected":false},"excerpt":{"rendered":"<p>O padre Douglas Lyra da Silva utilizou suas redes sociais para fazer uma cr\u00edtica ao fato do candidato do PT \u00e0 Presid\u00eancia da Rep\u00fablica, Fernando Haddad, e sua vice, Manuela D\u2019\u00c1vila, terem ido assistir a uma missa. Para o religioso, a presen\u00e7a de ambos no local \u00e9 um \u201cdeboche aos cat\u00f3licos\u201d. Ele tamb\u00e9m n\u00e3o gostou [&hellip;]<\/p>\n","protected":false},"author":2,"featured_media":1583,"comment_status":"open","ping_status":"open","sticky":false,"template":"","format":"standard","meta":[],"categories":[2,6,4],"tags":[],"_links":{"self":[{"href":"https:\/\/dgospel.com.br\/portal\/index.php\/wp-json\/wp\/v2\/posts\/1581"}],"collection":[{"href":"https:\/\/dgospel.com.br\/portal\/index.php\/wp-json\/wp\/v2\/posts"}],"about":[{"href":"https:\/\/dgospel.com.br\/portal\/index.php\/wp-json\/wp\/v2\/types\/post"}],"author":[{"embeddable":true,"href":"https:\/\/dgospel.com.br\/portal\/index.php\/wp-json\/wp\/v2\/users\/2"}],"replies":[{"embeddable":true,"href":"https:\/\/dgospel.com.br\/portal\/index.php\/wp-json\/wp\/v2\/comments?post=1581"}],"version-history":[{"count":1,"href":"https:\/\/dgospel.com.br\/portal\/index.php\/wp-json\/wp\/v2\/posts\/1581\/revisions"}],"predecessor-version":[{"id":1585,"href":"https:\/\/dgospel.com.br\/portal\/index.php\/wp-json\/wp\/v2\/posts\/1581\/revisions\/1585"}],"wp:featuredmedia":[{"embeddable":true,"href":"https:\/\/dgospel.com.br\/portal\/index.php\/wp-json\/wp\/v2\/media\/1583"}],"wp:attachment":[{"href":"https:\/\/dgospel.com.br\/portal\/index.php\/wp-json\/wp\/v2\/media?parent=1581"}],"wp:term":[{"taxonomy":"category","embeddable":true,"href":"https:\/\/dgospel.com.br\/portal\/index.php\/wp-json\/wp\/v2\/categories?post=1581"},{"taxonomy":"post_tag","embeddable":true,"href":"https:\/\/dgospel.com.br\/portal\/index.php\/wp-json\/wp\/v2\/tags?post=1581"}],"curies":[{"name":"wp","href":"https:\/\/api.w.org\/{rel}","templated":true}]}}