{"id":15814,"date":"2023-05-20T09:24:42","date_gmt":"2023-05-20T12:24:42","guid":{"rendered":"http:\/\/dgospel.com.br\/portal\/?p=15814"},"modified":"2023-05-20T09:24:44","modified_gmt":"2023-05-20T12:24:44","slug":"stf-do-equador-confirma-dissolucao-do-congresso","status":"publish","type":"post","link":"https:\/\/dgospel.com.br\/portal\/index.php\/2023\/05\/20\/stf-do-equador-confirma-dissolucao-do-congresso\/","title":{"rendered":"\u2018STF do Equador\u2019 confirma dissolu\u00e7\u00e3o do Congresso"},"content":{"rendered":"\n<p>A Corte Constitucional do Equador, divis\u00e3o do Judici\u00e1rio que pode ser comparada ao Supremo Tribunal Federal (STF) do Brasil, validou a dissolu\u00e7\u00e3o do Parlamento local, definida nesta semana. A decis\u00e3o por parte do&nbsp;<strong><a href=\"https:\/\/revistaoeste.com\/tag\/poder-judiciario\/\" target=\"_blank\" rel=\"noreferrer noopener\">Poder Judici\u00e1rio<\/a><\/strong>&nbsp;ocorreu na quinta-feira 18.<\/p>\n\n\n\n<p>Em nota, o \u2018STF do Equador\u2019 afirma que seis a\u00e7\u00f5es contra a dissolu\u00e7\u00e3o do Parlamento foram analisadas, com todas sendo rejeitadas. Al\u00e9m de avaliar os casos, o tribunal garantiu que n\u00e3o cabe a ele definir esse tipo de quest\u00e3o que envolve os outros dois Poderes do pa\u00eds, o Executivo e o&nbsp;<strong>Legislativo<\/strong>.<\/p>\n\n\n\n<p>\u201cNos seis despachos emitidos, sublinha-se que, tal como o Tribunal Constitucional, n\u00e3o tem compet\u00eancia para se pronunciar sobre a verifica\u00e7\u00e3o e motiva\u00e7\u00e3o da causa de grave crise pol\u00edtica e como\u00e7\u00e3o interna invocada pelo Presidente da Rep\u00fablica para dissolver a Assembleia Nacional com base no artigo 148.\u00ba da Constitui\u00e7\u00e3o, nem qualquer outra autoridade judici\u00e1ria do pa\u00eds\u201d,&nbsp;<strong><a href=\"https:\/\/www.corteconstitucional.gob.ec\/respecto-de-las-demandas-de-inconstitucionalidad-presentadas-contra-el-decreto-ejecutivo-no-741\/\" target=\"_blank\" rel=\"noreferrer noopener\">afirma<\/a><\/strong>&nbsp;a equipe de comunica\u00e7\u00e3o da Corte Constitucional do Equador.<\/p>\n\n\n\n<h2 id=\"h-presidente-do-equador-era-alvo-de-processo-de-impeachment\">Presidente do Equador era alvo de processo de&nbsp;<em>impeachment<\/em><\/h2>\n\n\n\n<figure class=\"wp-block-image\"><img src=\"https:\/\/medias.revistaoeste.com\/qa-staging\/wp-content\/uploads\/2023\/04\/guillermo-lasso-1.jpg\" alt=\"guillermo lasso\" class=\"wp-image-823548\"\/><figcaption>Guillermo Lasso, presidente do Equador | Foto: Reprodu\u00e7\u00e3o\/Twitter<\/figcaption><\/figure>\n\n\n\n<p>A decis\u00e3o foi comemorada pelo presidente equatoriano, Guillermo Lasso, que decidiu dissolver o Parlamento do pa\u00eds. \u201cRatifica a minha decis\u00e3o nos termos da Constitui\u00e7\u00e3o da Rep\u00fablica\u201d, afirmou ele. Lasso era alvo de processo de&nbsp;<em>impeachment<\/em>&nbsp;no Congresso.<\/p>\n\n\n\n<p><\/p>\n\n\n\n<figure class=\"wp-block-image size-full\"><img loading=\"lazy\" width=\"517\" height=\"248\" src=\"http:\/\/dgospel.com.br\/portal\/wp-content\/uploads\/2023\/05\/000-7.jpg\" alt=\"\" class=\"wp-image-15815\" srcset=\"https:\/\/dgospel.com.br\/portal\/wp-content\/uploads\/2023\/05\/000-7.jpg 517w, https:\/\/dgospel.com.br\/portal\/wp-content\/uploads\/2023\/05\/000-7-300x144.jpg 300w\" sizes=\"(max-width: 517px) 100vw, 517px\" \/><\/figure>\n\n\n\n<p><\/p>\n\n\n\n<figure class=\"wp-block-image size-full\"><img loading=\"lazy\" width=\"501\" height=\"155\" src=\"http:\/\/dgospel.com.br\/portal\/wp-content\/uploads\/2023\/05\/0000-4.jpg\" alt=\"\" class=\"wp-image-15816\" srcset=\"https:\/\/dgospel.com.br\/portal\/wp-content\/uploads\/2023\/05\/0000-4.jpg 501w, https:\/\/dgospel.com.br\/portal\/wp-content\/uploads\/2023\/05\/0000-4-300x93.jpg 300w\" sizes=\"(max-width: 501px) 100vw, 501px\" \/><\/figure>\n\n\n\n<p><\/p>\n\n\n\n<figure class=\"wp-block-image size-full\"><img loading=\"lazy\" width=\"485\" height=\"351\" src=\"http:\/\/dgospel.com.br\/portal\/wp-content\/uploads\/2023\/05\/000000000000-1.jpg\" alt=\"\" class=\"wp-image-15817\" srcset=\"https:\/\/dgospel.com.br\/portal\/wp-content\/uploads\/2023\/05\/000000000000-1.jpg 485w, https:\/\/dgospel.com.br\/portal\/wp-content\/uploads\/2023\/05\/000000000000-1-300x217.jpg 300w\" sizes=\"(max-width: 485px) 100vw, 485px\" \/><\/figure>\n","protected":false},"excerpt":{"rendered":"<p>A Corte Constitucional do Equador, divis\u00e3o do Judici\u00e1rio que pode ser comparada ao Supremo Tribunal Federal (STF) do Brasil, validou a dissolu\u00e7\u00e3o do Parlamento local, definida nesta semana. A decis\u00e3o por parte do&nbsp;Poder Judici\u00e1rio&nbsp;ocorreu na quinta-feira 18. Em nota, o \u2018STF do Equador\u2019 afirma que seis a\u00e7\u00f5es contra a dissolu\u00e7\u00e3o do Parlamento foram analisadas, com [&hellip;]<\/p>\n","protected":false},"author":2,"featured_media":15818,"comment_status":"open","ping_status":"open","sticky":false,"template":"","format":"standard","meta":[],"categories":[16],"tags":[],"_links":{"self":[{"href":"https:\/\/dgospel.com.br\/portal\/index.php\/wp-json\/wp\/v2\/posts\/15814"}],"collection":[{"href":"https:\/\/dgospel.com.br\/portal\/index.php\/wp-json\/wp\/v2\/posts"}],"about":[{"href":"https:\/\/dgospel.com.br\/portal\/index.php\/wp-json\/wp\/v2\/types\/post"}],"author":[{"embeddable":true,"href":"https:\/\/dgospel.com.br\/portal\/index.php\/wp-json\/wp\/v2\/users\/2"}],"replies":[{"embeddable":true,"href":"https:\/\/dgospel.com.br\/portal\/index.php\/wp-json\/wp\/v2\/comments?post=15814"}],"version-history":[{"count":1,"href":"https:\/\/dgospel.com.br\/portal\/index.php\/wp-json\/wp\/v2\/posts\/15814\/revisions"}],"predecessor-version":[{"id":15819,"href":"https:\/\/dgospel.com.br\/portal\/index.php\/wp-json\/wp\/v2\/posts\/15814\/revisions\/15819"}],"wp:featuredmedia":[{"embeddable":true,"href":"https:\/\/dgospel.com.br\/portal\/index.php\/wp-json\/wp\/v2\/media\/15818"}],"wp:attachment":[{"href":"https:\/\/dgospel.com.br\/portal\/index.php\/wp-json\/wp\/v2\/media?parent=15814"}],"wp:term":[{"taxonomy":"category","embeddable":true,"href":"https:\/\/dgospel.com.br\/portal\/index.php\/wp-json\/wp\/v2\/categories?post=15814"},{"taxonomy":"post_tag","embeddable":true,"href":"https:\/\/dgospel.com.br\/portal\/index.php\/wp-json\/wp\/v2\/tags?post=15814"}],"curies":[{"name":"wp","href":"https:\/\/api.w.org\/{rel}","templated":true}]}}