{"id":15825,"date":"2023-05-20T10:45:04","date_gmt":"2023-05-20T13:45:04","guid":{"rendered":"http:\/\/dgospel.com.br\/portal\/?p=15825"},"modified":"2023-05-20T10:45:06","modified_gmt":"2023-05-20T13:45:06","slug":"lula-e-participante-e-nao-convidado-no-g7-e-nao-integra-aos-lideres-da-cupula","status":"publish","type":"post","link":"https:\/\/dgospel.com.br\/portal\/index.php\/2023\/05\/20\/lula-e-participante-e-nao-convidado-no-g7-e-nao-integra-aos-lideres-da-cupula\/","title":{"rendered":"Lula \u00e9 participante e n\u00e3o convidado no G7, e n\u00e3o integra aos l\u00edderes da c\u00fapula"},"content":{"rendered":"\n<p>O presidente brasileiro Luis In\u00e1cio Lula da Silva marcou presen\u00e7a no encontro do G7, por\u00e9m, diferentemente de alguns l\u00edderes convidados, ele n\u00e3o foi convidado para compor a c\u00fapula. Lula compareceu ao evento como participante, sem fazer parte oficialmente da c\u00fapula.<\/p>\n\n\n\n<p>Ao contr\u00e1rio do que algumas imagens podem sugerir, Lula n\u00e3o aparece nas fotos dos l\u00edderes do G7 devido ao seu papel como participante e n\u00e3o como membro pleno da c\u00fapula.<\/p>\n\n\n\n<p>Embora o convite a Lula para participar do G7 n\u00e3o o coloca no mesmo patamar dos l\u00edderes que integram a c\u00fapula. O G7 \u00e9 composto por Estados Unidos, Jap\u00e3o, Alemanha, Reino Unido, Fran\u00e7a, It\u00e1lia e Canad\u00e1, que se re\u00fanem experimentalmente para discutir quest\u00f5es globais, lideradas e pol\u00edticas.<\/p>\n\n\n\n<p>A presen\u00e7a de Lula no evento pode ser vista como uma oportunidade para que ele possa compartilhar suas perspectivas sobre as quest\u00f5es abordadas durante as discuss\u00f5es do G7. Al\u00e9m disso, \u00e9 uma indica\u00e7\u00e3o de que sua influ\u00eancia pol\u00edtica e sua trajet\u00f3ria ainda s\u00e3o reconhecidas internacionalmente. Lula disse que poderia acabar com a guerra \u201d com uma cervejinha\u201d<\/p>\n\n\n\n<p>\u00c9 importante ressaltar que a presen\u00e7a de Lula como participante do G7 n\u00e3o implica em decis\u00f5es formais ou poder de voto nas delibera\u00e7\u00f5es do grupo. Seus envolvimentos no evento podem ser interpretados como um reconhecimento de seu papel e contribui\u00e7\u00f5es no cen\u00e1rio pol\u00edtico, bem como uma oportunidade para dialogar e trocar ideias com l\u00edderes mundiais.<\/p>\n\n\n\n<p>Fonte: horabrasilia<\/p>\n","protected":false},"excerpt":{"rendered":"<p>O presidente brasileiro Luis In\u00e1cio Lula da Silva marcou presen\u00e7a no encontro do G7, por\u00e9m, diferentemente de alguns l\u00edderes convidados, ele n\u00e3o foi convidado para compor a c\u00fapula. Lula compareceu ao evento como participante, sem fazer parte oficialmente da c\u00fapula. Ao contr\u00e1rio do que algumas imagens podem sugerir, Lula n\u00e3o aparece nas fotos dos l\u00edderes [&hellip;]<\/p>\n","protected":false},"author":2,"featured_media":15826,"comment_status":"open","ping_status":"open","sticky":false,"template":"","format":"standard","meta":[],"categories":[4],"tags":[],"_links":{"self":[{"href":"https:\/\/dgospel.com.br\/portal\/index.php\/wp-json\/wp\/v2\/posts\/15825"}],"collection":[{"href":"https:\/\/dgospel.com.br\/portal\/index.php\/wp-json\/wp\/v2\/posts"}],"about":[{"href":"https:\/\/dgospel.com.br\/portal\/index.php\/wp-json\/wp\/v2\/types\/post"}],"author":[{"embeddable":true,"href":"https:\/\/dgospel.com.br\/portal\/index.php\/wp-json\/wp\/v2\/users\/2"}],"replies":[{"embeddable":true,"href":"https:\/\/dgospel.com.br\/portal\/index.php\/wp-json\/wp\/v2\/comments?post=15825"}],"version-history":[{"count":1,"href":"https:\/\/dgospel.com.br\/portal\/index.php\/wp-json\/wp\/v2\/posts\/15825\/revisions"}],"predecessor-version":[{"id":15827,"href":"https:\/\/dgospel.com.br\/portal\/index.php\/wp-json\/wp\/v2\/posts\/15825\/revisions\/15827"}],"wp:featuredmedia":[{"embeddable":true,"href":"https:\/\/dgospel.com.br\/portal\/index.php\/wp-json\/wp\/v2\/media\/15826"}],"wp:attachment":[{"href":"https:\/\/dgospel.com.br\/portal\/index.php\/wp-json\/wp\/v2\/media?parent=15825"}],"wp:term":[{"taxonomy":"category","embeddable":true,"href":"https:\/\/dgospel.com.br\/portal\/index.php\/wp-json\/wp\/v2\/categories?post=15825"},{"taxonomy":"post_tag","embeddable":true,"href":"https:\/\/dgospel.com.br\/portal\/index.php\/wp-json\/wp\/v2\/tags?post=15825"}],"curies":[{"name":"wp","href":"https:\/\/api.w.org\/{rel}","templated":true}]}}