{"id":15828,"date":"2023-05-23T08:19:36","date_gmt":"2023-05-23T11:19:36","guid":{"rendered":"http:\/\/dgospel.com.br\/portal\/?p=15828"},"modified":"2023-05-23T08:19:37","modified_gmt":"2023-05-23T11:19:37","slug":"pl-de-autoria-do-vereador-rubens-uchoa-preve-medidas-de-seguranca-nas-escolas-de-palmas","status":"publish","type":"post","link":"https:\/\/dgospel.com.br\/portal\/index.php\/2023\/05\/23\/pl-de-autoria-do-vereador-rubens-uchoa-preve-medidas-de-seguranca-nas-escolas-de-palmas\/","title":{"rendered":"PL de autoria do vereador Rubens Uch\u00f4a prev\u00ea medidas de seguran\u00e7a nas escolas de Palmas"},"content":{"rendered":"\n<p>Foi aprovado o Projeto de Lei de autoria do vereador Rubens Uch\u00f4a, onde fica institu\u00eddas medidas de seguran\u00e7a nas institui\u00e7\u00f5es de ensino p\u00fablicas e privada do Munic\u00edpio de Palmas, devendo adotar as seguintes medidas para impedir a ocorr\u00eancia de atos de viol\u00eancia nas escolas municipais.<\/p>\n\n\n\n<p><strong>PL N\u00ba 037\/23<\/strong><\/p>\n\n\n\n<ul><li>I \u2013 Instala\u00e7\u00e3o de c\u00e2maras de videomonitoramento nas escolas, com vigil\u00e2ncia durante todo o tempo de funcionamento da unidade escolar municipal;<\/li><li>II \u2013 Contrata\u00e7\u00e3o de seguran\u00e7a em n\u00famero compat\u00edvel com a quantidade de alunos;<\/li><li>III \u2013 Treinamento, nos termos de Decreto a ser regulamentado pelo Poder Executivo, do corpo decente, discente e demais funcion\u00e1rios da Escola;<\/li><li>IV \u2013 Sinaliza\u00e7\u00e3o em todos os ambientes da escolar, a cerca de evas\u00e3o em situa\u00e7\u00e3o de emerg\u00eancia e p\u00e2nico, al\u00e9m de institui\u00e7\u00e3o aos alunos sobre procedimentos a serem adotados para a r\u00e1pida evacua\u00e7\u00e3o da unidade, sem preju\u00edzo da ado\u00e7\u00e3o de medidas arquitet\u00f4nicas e de constru\u00e7\u00e3o, que ampliem e facilitem a sa\u00edda da escolar;<\/li><li>V \u2013 Instala\u00e7\u00e3o de port\u00f5es eletr\u00f4nicos, aparelhados com dispositivos de detec\u00e7\u00e3o de metais, como armas e outros apetrechos similares.<\/li><\/ul>\n","protected":false},"excerpt":{"rendered":"<p>Foi aprovado o Projeto de Lei de autoria do vereador Rubens Uch\u00f4a, onde fica institu\u00eddas medidas de seguran\u00e7a nas institui\u00e7\u00f5es de ensino p\u00fablicas e privada do Munic\u00edpio de Palmas, devendo adotar as seguintes medidas para impedir a ocorr\u00eancia de atos de viol\u00eancia nas escolas municipais. PL N\u00ba 037\/23 I \u2013 Instala\u00e7\u00e3o de c\u00e2maras de videomonitoramento [&hellip;]<\/p>\n","protected":false},"author":2,"featured_media":15829,"comment_status":"open","ping_status":"open","sticky":false,"template":"","format":"standard","meta":[],"categories":[8],"tags":[],"_links":{"self":[{"href":"https:\/\/dgospel.com.br\/portal\/index.php\/wp-json\/wp\/v2\/posts\/15828"}],"collection":[{"href":"https:\/\/dgospel.com.br\/portal\/index.php\/wp-json\/wp\/v2\/posts"}],"about":[{"href":"https:\/\/dgospel.com.br\/portal\/index.php\/wp-json\/wp\/v2\/types\/post"}],"author":[{"embeddable":true,"href":"https:\/\/dgospel.com.br\/portal\/index.php\/wp-json\/wp\/v2\/users\/2"}],"replies":[{"embeddable":true,"href":"https:\/\/dgospel.com.br\/portal\/index.php\/wp-json\/wp\/v2\/comments?post=15828"}],"version-history":[{"count":1,"href":"https:\/\/dgospel.com.br\/portal\/index.php\/wp-json\/wp\/v2\/posts\/15828\/revisions"}],"predecessor-version":[{"id":15830,"href":"https:\/\/dgospel.com.br\/portal\/index.php\/wp-json\/wp\/v2\/posts\/15828\/revisions\/15830"}],"wp:featuredmedia":[{"embeddable":true,"href":"https:\/\/dgospel.com.br\/portal\/index.php\/wp-json\/wp\/v2\/media\/15829"}],"wp:attachment":[{"href":"https:\/\/dgospel.com.br\/portal\/index.php\/wp-json\/wp\/v2\/media?parent=15828"}],"wp:term":[{"taxonomy":"category","embeddable":true,"href":"https:\/\/dgospel.com.br\/portal\/index.php\/wp-json\/wp\/v2\/categories?post=15828"},{"taxonomy":"post_tag","embeddable":true,"href":"https:\/\/dgospel.com.br\/portal\/index.php\/wp-json\/wp\/v2\/tags?post=15828"}],"curies":[{"name":"wp","href":"https:\/\/api.w.org\/{rel}","templated":true}]}}