{"id":15831,"date":"2023-05-23T08:22:30","date_gmt":"2023-05-23T11:22:30","guid":{"rendered":"http:\/\/dgospel.com.br\/portal\/?p=15831"},"modified":"2023-05-26T11:19:31","modified_gmt":"2023-05-26T14:19:31","slug":"na-agrotins-assembleia-homenageia-personalidades-do-agronegocio-tocantinense","status":"publish","type":"post","link":"https:\/\/dgospel.com.br\/portal\/index.php\/2023\/05\/23\/na-agrotins-assembleia-homenageia-personalidades-do-agronegocio-tocantinense\/","title":{"rendered":"<strong>Vereador Rubens Uch\u00f4a requer a constru\u00e7\u00e3o de uma quadra poliesportiva no setor Coqueirinho<\/strong>"},"content":{"rendered":"\n<p>O vereador Rubens Uch\u00f4a apresentou um requerimento solicitando ao Poder Executivo Municipal, em car\u00e1ter de urg\u00eancia a constru\u00e7\u00e3o de uma quadra poliesportiva no setor Coqueirinho.<\/p>\n\n\n\n<p>Considerando a import\u00e2ncia de um espa\u00e7o para o lazer e recrea\u00e7\u00e3o das fam\u00edlias, faz-se necess\u00e1rio a constru\u00e7\u00e3o desse espa\u00e7o, onde vai proporcionar um lazer com qualidade, seguran\u00e7a e conforto a todas as fam\u00edlias do local.<\/p>\n\n\n\n<p>&#8220;Esse requerimento vem atender aos pedidos dos moradores, al\u00e9m de alavancar o desenvolvimento s\u00f3cio educacional, esportivo, cultural do setor\u201d completa o parlamentar&#8221;.<\/p>\n","protected":false},"excerpt":{"rendered":"<p>O vereador Rubens Uch\u00f4a apresentou um requerimento solicitando ao Poder Executivo Municipal, em car\u00e1ter de urg\u00eancia a constru\u00e7\u00e3o de uma quadra poliesportiva no setor Coqueirinho. Considerando a import\u00e2ncia de um espa\u00e7o para o lazer e recrea\u00e7\u00e3o das fam\u00edlias, faz-se necess\u00e1rio a constru\u00e7\u00e3o desse espa\u00e7o, onde vai proporcionar um lazer com qualidade, seguran\u00e7a e conforto a [&hellip;]<\/p>\n","protected":false},"author":2,"featured_media":15835,"comment_status":"open","ping_status":"open","sticky":false,"template":"","format":"standard","meta":[],"categories":[8],"tags":[],"_links":{"self":[{"href":"https:\/\/dgospel.com.br\/portal\/index.php\/wp-json\/wp\/v2\/posts\/15831"}],"collection":[{"href":"https:\/\/dgospel.com.br\/portal\/index.php\/wp-json\/wp\/v2\/posts"}],"about":[{"href":"https:\/\/dgospel.com.br\/portal\/index.php\/wp-json\/wp\/v2\/types\/post"}],"author":[{"embeddable":true,"href":"https:\/\/dgospel.com.br\/portal\/index.php\/wp-json\/wp\/v2\/users\/2"}],"replies":[{"embeddable":true,"href":"https:\/\/dgospel.com.br\/portal\/index.php\/wp-json\/wp\/v2\/comments?post=15831"}],"version-history":[{"count":2,"href":"https:\/\/dgospel.com.br\/portal\/index.php\/wp-json\/wp\/v2\/posts\/15831\/revisions"}],"predecessor-version":[{"id":15915,"href":"https:\/\/dgospel.com.br\/portal\/index.php\/wp-json\/wp\/v2\/posts\/15831\/revisions\/15915"}],"wp:featuredmedia":[{"embeddable":true,"href":"https:\/\/dgospel.com.br\/portal\/index.php\/wp-json\/wp\/v2\/media\/15835"}],"wp:attachment":[{"href":"https:\/\/dgospel.com.br\/portal\/index.php\/wp-json\/wp\/v2\/media?parent=15831"}],"wp:term":[{"taxonomy":"category","embeddable":true,"href":"https:\/\/dgospel.com.br\/portal\/index.php\/wp-json\/wp\/v2\/categories?post=15831"},{"taxonomy":"post_tag","embeddable":true,"href":"https:\/\/dgospel.com.br\/portal\/index.php\/wp-json\/wp\/v2\/tags?post=15831"}],"curies":[{"name":"wp","href":"https:\/\/api.w.org\/{rel}","templated":true}]}}