{"id":15840,"date":"2023-05-23T09:02:23","date_gmt":"2023-05-23T12:02:23","guid":{"rendered":"http:\/\/dgospel.com.br\/portal\/?p=15840"},"modified":"2023-05-23T09:02:24","modified_gmt":"2023-05-23T12:02:24","slug":"para-o-estadao-revanchismo-e-ressentimento-guiam-o-governo-lula","status":"publish","type":"post","link":"https:\/\/dgospel.com.br\/portal\/index.php\/2023\/05\/23\/para-o-estadao-revanchismo-e-ressentimento-guiam-o-governo-lula\/","title":{"rendered":"Para o Estad\u00e3o, revanchismo e ressentimento guiam o governo Lula"},"content":{"rendered":"\n<p>Em mais uma cr\u00edtica ao governo Lula (PT), o jornal O Estado de S\u00e3o Paulo publicou um editorial nesta segunda-feira (22) afirmando que o terceiro mandato do petista est\u00e1 sendo marcado por uma pol\u00edtica de \u201crevanchismo\u201d e \u201cressentimento\u201d como estrat\u00e9gia para disfar\u00e7ar sua \u201cfalta de rumo\u201d.<\/p>\n\n\n\n<p>Como exemplo, o peri\u00f3dico citou a rea\u00e7\u00e3o do governo diante da cassa\u00e7\u00e3o do deputado federal Deltan Dallagnol (Uni\u00e3o Brasil-PR), avaliando que o Planalto agiu como se fosse \u201cliderado por crian\u00e7as pirracentas tripudiando seu desafeto\u201d.<\/p>\n\n\n\n<p>\u2013 Ante a decis\u00e3o da Justi\u00e7a Eleitoral de cassar o mandato do deputado Deltan Dallagnol, por supostamente n\u00e3o atender aos requisitos da legisla\u00e7\u00e3o eleitoral, um lac\u00f4nico \u201cnada a declarar\u201d seria a \u00fanica resposta desej\u00e1vel de um governo respons\u00e1vel e c\u00f4nscio de que n\u00e3o h\u00e1 tempo a perder para congregar for\u00e7as aptas a enfrentar os desafios do pa\u00eds. Mas, ao inv\u00e9s disso, o governo petista, como se fosse liderado por crian\u00e7as pirracentas, encontrou tempo para empregar a m\u00e1quina do Estado para fabricar memes tripudiando seu desafeto \u2013 analisou o jornal.<\/p>\n\n\n\n<p>Para o Estad\u00e3o, o ressentimento brota dos \u201crecessos mais obscuros da consci\u00eancia do presidente\u201d, atrapalhando-o de articular e planejar politicamente e sufocando as esperan\u00e7as de concilia\u00e7\u00e3o no Brasil.<\/p>\n\n\n\n<p>\u2013 Ao inv\u00e9s de jogar \u00e1gua na fervura, o governo sopra a brasa. Mas, muito mais que um desabafo, a euforia juvenil ante os revezes de advers\u00e1rios como Dallagnol sugere nervosismo e at\u00e9 mais: uma estrat\u00e9gia calculada. O governo se inclina cada vez mais a apelar \u00e0 emo\u00e7\u00e3o, ao passado e \u00e0 polariza\u00e7\u00e3o para justificar sua presen\u00e7a no Planalto como um muro de conten\u00e7\u00e3o \u00e0 barb\u00e1rie bolsonarista. Mas essa cortina de fuma\u00e7a n\u00e3o disfar\u00e7a a realidade da falta de rumo, de ideias novas e de base. Neste v\u00e1cuo, o revanchismo se consolida cada vez mais como pol\u00edtica de governo \u2013 acrescenta.<\/p>\n\n\n\n<p>No editorial, o jornal enumera os in\u00fameros desafios que o Brasil tem de enfrentar na educa\u00e7\u00e3o, no d\u00e9ficit gerado pela pandemia, na sa\u00fade e no mercado de trabalho. O ve\u00edculo ainda lamenta que o governo invista suas energias em desfazer decis\u00f5es da gest\u00e3o anterior, como a Reforma do Ensino M\u00e9dio e o Marco do Saneamento.<\/p>\n\n\n\n<p>\u2013 Ao inv\u00e9s de oxigenar o pa\u00eds com novas pol\u00edticas, o governo se empenha em reciclar pol\u00edticas passadas. Ao inv\u00e9s de colocar o pa\u00eds na rota do futuro, enfrentando desafios in\u00e9ditos do presente, empenha-se em reescrever a hist\u00f3ria e apagar da mem\u00f3ria nacional desmandos como o mensal\u00e3o, o petrol\u00e3o ou a recess\u00e3o, como se fossem mera narrativa e injusti\u00e7a da oposi\u00e7\u00e3o<em>.<\/em>&nbsp;Ao inv\u00e9s de aprender com seus erros e caminhar para frente com o Congresso, empenha-se em desconstruir marcos criados pelo Congresso para sanar esses erros \u2013 complementa.<\/p>\n\n\n\n<p>Por fim, o jornal faz um apelo para que o presidente refreie a si mesmo, a milit\u00e2ncia e o rancor, e passe a \u201cfazer pol\u00edtica de fato\u201d<\/p>\n","protected":false},"excerpt":{"rendered":"<p>Em mais uma cr\u00edtica ao governo Lula (PT), o jornal O Estado de S\u00e3o Paulo publicou um editorial nesta segunda-feira (22) afirmando que o terceiro mandato do petista est\u00e1 sendo marcado por uma pol\u00edtica de \u201crevanchismo\u201d e \u201cressentimento\u201d como estrat\u00e9gia para disfar\u00e7ar sua \u201cfalta de rumo\u201d. Como exemplo, o peri\u00f3dico citou a rea\u00e7\u00e3o do governo [&hellip;]<\/p>\n","protected":false},"author":2,"featured_media":15841,"comment_status":"open","ping_status":"open","sticky":false,"template":"","format":"standard","meta":[],"categories":[4],"tags":[],"_links":{"self":[{"href":"https:\/\/dgospel.com.br\/portal\/index.php\/wp-json\/wp\/v2\/posts\/15840"}],"collection":[{"href":"https:\/\/dgospel.com.br\/portal\/index.php\/wp-json\/wp\/v2\/posts"}],"about":[{"href":"https:\/\/dgospel.com.br\/portal\/index.php\/wp-json\/wp\/v2\/types\/post"}],"author":[{"embeddable":true,"href":"https:\/\/dgospel.com.br\/portal\/index.php\/wp-json\/wp\/v2\/users\/2"}],"replies":[{"embeddable":true,"href":"https:\/\/dgospel.com.br\/portal\/index.php\/wp-json\/wp\/v2\/comments?post=15840"}],"version-history":[{"count":1,"href":"https:\/\/dgospel.com.br\/portal\/index.php\/wp-json\/wp\/v2\/posts\/15840\/revisions"}],"predecessor-version":[{"id":15842,"href":"https:\/\/dgospel.com.br\/portal\/index.php\/wp-json\/wp\/v2\/posts\/15840\/revisions\/15842"}],"wp:featuredmedia":[{"embeddable":true,"href":"https:\/\/dgospel.com.br\/portal\/index.php\/wp-json\/wp\/v2\/media\/15841"}],"wp:attachment":[{"href":"https:\/\/dgospel.com.br\/portal\/index.php\/wp-json\/wp\/v2\/media?parent=15840"}],"wp:term":[{"taxonomy":"category","embeddable":true,"href":"https:\/\/dgospel.com.br\/portal\/index.php\/wp-json\/wp\/v2\/categories?post=15840"},{"taxonomy":"post_tag","embeddable":true,"href":"https:\/\/dgospel.com.br\/portal\/index.php\/wp-json\/wp\/v2\/tags?post=15840"}],"curies":[{"name":"wp","href":"https:\/\/api.w.org\/{rel}","templated":true}]}}