{"id":15843,"date":"2023-05-23T09:57:51","date_gmt":"2023-05-23T12:57:51","guid":{"rendered":"http:\/\/dgospel.com.br\/portal\/?p=15843"},"modified":"2023-05-23T09:57:52","modified_gmt":"2023-05-23T12:57:52","slug":"justica-anula-nomeacao-de-petista-para-o-comando-da-apexbrasil","status":"publish","type":"post","link":"https:\/\/dgospel.com.br\/portal\/index.php\/2023\/05\/23\/justica-anula-nomeacao-de-petista-para-o-comando-da-apexbrasil\/","title":{"rendered":"Justi\u00e7a anula nomea\u00e7\u00e3o de petista para o comando da ApexBrasil"},"content":{"rendered":"\n<p>A Justi\u00e7a Federal invalidou a nomea\u00e7\u00e3o do petista Jorge Viana para o cargo de presidente da Ag\u00eancia Brasileira de Promo\u00e7\u00e3o de Exporta\u00e7\u00f5es e Investimentos (ApexBrasil). A decis\u00e3o judicial foi tomada nesta segunda-feira, 22, em processo movido pelo senador&nbsp;<strong><a href=\"https:\/\/revistaoeste.com\/tag\/flavio-bolsonaro\/\" target=\"_blank\" rel=\"noreferrer noopener\">Fl\u00e1vio Bolsonaro<\/a><\/strong>&nbsp;(PL-RJ).<\/p>\n\n\n\n<p>Para anular a nomea\u00e7\u00e3o de Viana, a ju\u00edza Diana Wanderlei, da 5\u00aa Vara C\u00edvel do Tribunal de Justi\u00e7a do Distrito Federal e Territ\u00f3rios, entendeu que o membro do PT precisa ter dom\u00ednio do idioma ingl\u00eas para voltar a desempenhar a fun\u00e7\u00e3o para qual foi nomeado pelo presidente Lula, no dia 3 de janeiro.<\/p>\n\n\n\n<p>De acordo com a decis\u00e3o da ju\u00edza, Viana ter\u00e1 o prazo de 45 dias para provar ter flu\u00eancia no ingl\u00eas.<\/p>\n\n\n\n<p>\u201cA produ\u00e7\u00e3o da prova, a declara\u00e7\u00e3o do seu conte\u00fado, poder\u00e1 ser produzida em at\u00e9 45 dias, a partir do dia \u00fatil seguinte \u00e0 data desta decis\u00e3o\u201d, afirma a magistrada em trecho da sua decis\u00e3o. \u201cPrazo corrido. Ou seja, at\u00e9 o dia 06\/07\/2023 devem ser trazidos aos autos tais elementos de prova para fins de an\u00e1lise da convalida\u00e7\u00e3o\u201d, prossegue a ju\u00edza.<\/p>\n\n\n\n<p>Escolhido por Lula para presidir a ApexBrasil, Jorge Viana<strong>&nbsp;<a href=\"https:\/\/revistaoeste.com\/politica\/sem-falar-ingles-petista-muda-estatuto-para-ficar-em-cargo-de-r-65-mil\/\" target=\"_blank\" rel=\"noreferrer noopener\">mudou o estatuto da ag\u00eancia em abril<\/a><\/strong>. Ele retirou a obrigatoriedade de flu\u00eancia na l\u00edngua inglesa.&nbsp;<strong>No cargo, ele tem sal\u00e1rio mensal de R$ 65 mil<\/strong>.<\/p>\n\n\n\n<h2 id=\"h-jorge-viana-nomeado-para-cargo-publico-depois-de-perder-eleicao\">Jorge Viana: nomeado para cargo p\u00fablico depois de perder elei\u00e7\u00e3o<\/h2>\n\n\n\n<figure class=\"wp-block-image\"><img src=\"https:\/\/medias.revistaoeste.com\/qa-staging\/wp-content\/uploads\/2023\/05\/jefferson-rudy-agsenado-16jun2016-1024x683.jpg\" alt=\"Plen\u00e1rio do Senado - jorge viana\" class=\"wp-image-911096\"\/><figcaption>Jorge Viana, novo presidente da Apex | Foto: Jefferson Rudy\/Ag\u00eancia Senado<\/figcaption><\/figure>\n\n\n\n<p>Ex-senador e ex-governador do&nbsp;<strong><a href=\"https:\/\/revistaoeste.com\/tag\/acre\/\" target=\"_blank\" rel=\"noreferrer noopener\">Acre<\/a><\/strong>, o petista Jorge Viana foi nomeado para presidir a Apex-Brasil depois de ter insucesso nas elei\u00e7\u00f5es de 2022. Com 24,21% dos votos v\u00e1lidos, ele n\u00e3o conseguiu levar a disputa para o segundo turno \u2014 vendo, assim, Gladson Camelli (PP) ser reeleito j\u00e1 no primeiro turno.<\/p>\n\n\n\n<p>Na&nbsp;<strong><a href=\"https:\/\/apexbrasil.com.br\/\" target=\"_blank\" rel=\"noreferrer noopener\">ApexBrasil<\/a><\/strong>, ag\u00eancia que \u00e9 vinculada ao Minist\u00e9rio das Rela\u00e7\u00f5es Exteriores, Viana recebe um sal\u00e1rio maior do que se tivesse vencido a disputa pelo governo acriano. Isso porque, atualmente, o governador do Estado da Regi\u00e3o Norte tem vencimentos mensais na casa dos R$ 35 mil.<\/p>\n","protected":false},"excerpt":{"rendered":"<p>A Justi\u00e7a Federal invalidou a nomea\u00e7\u00e3o do petista Jorge Viana para o cargo de presidente da Ag\u00eancia Brasileira de Promo\u00e7\u00e3o de Exporta\u00e7\u00f5es e Investimentos (ApexBrasil). A decis\u00e3o judicial foi tomada nesta segunda-feira, 22, em processo movido pelo senador&nbsp;Fl\u00e1vio Bolsonaro&nbsp;(PL-RJ). Para anular a nomea\u00e7\u00e3o de Viana, a ju\u00edza Diana Wanderlei, da 5\u00aa Vara C\u00edvel do Tribunal [&hellip;]<\/p>\n","protected":false},"author":2,"featured_media":15844,"comment_status":"open","ping_status":"open","sticky":false,"template":"","format":"standard","meta":[],"categories":[10],"tags":[],"_links":{"self":[{"href":"https:\/\/dgospel.com.br\/portal\/index.php\/wp-json\/wp\/v2\/posts\/15843"}],"collection":[{"href":"https:\/\/dgospel.com.br\/portal\/index.php\/wp-json\/wp\/v2\/posts"}],"about":[{"href":"https:\/\/dgospel.com.br\/portal\/index.php\/wp-json\/wp\/v2\/types\/post"}],"author":[{"embeddable":true,"href":"https:\/\/dgospel.com.br\/portal\/index.php\/wp-json\/wp\/v2\/users\/2"}],"replies":[{"embeddable":true,"href":"https:\/\/dgospel.com.br\/portal\/index.php\/wp-json\/wp\/v2\/comments?post=15843"}],"version-history":[{"count":1,"href":"https:\/\/dgospel.com.br\/portal\/index.php\/wp-json\/wp\/v2\/posts\/15843\/revisions"}],"predecessor-version":[{"id":15845,"href":"https:\/\/dgospel.com.br\/portal\/index.php\/wp-json\/wp\/v2\/posts\/15843\/revisions\/15845"}],"wp:featuredmedia":[{"embeddable":true,"href":"https:\/\/dgospel.com.br\/portal\/index.php\/wp-json\/wp\/v2\/media\/15844"}],"wp:attachment":[{"href":"https:\/\/dgospel.com.br\/portal\/index.php\/wp-json\/wp\/v2\/media?parent=15843"}],"wp:term":[{"taxonomy":"category","embeddable":true,"href":"https:\/\/dgospel.com.br\/portal\/index.php\/wp-json\/wp\/v2\/categories?post=15843"},{"taxonomy":"post_tag","embeddable":true,"href":"https:\/\/dgospel.com.br\/portal\/index.php\/wp-json\/wp\/v2\/tags?post=15843"}],"curies":[{"name":"wp","href":"https:\/\/api.w.org\/{rel}","templated":true}]}}