{"id":15849,"date":"2023-05-23T10:46:16","date_gmt":"2023-05-23T13:46:16","guid":{"rendered":"http:\/\/dgospel.com.br\/portal\/?p=15849"},"modified":"2023-05-23T10:46:18","modified_gmt":"2023-05-23T13:46:18","slug":"secretarios-de-representacao-em-brasilia-alinham-pautas-prioritarias-para-forum-nacional-dos-governadores","status":"publish","type":"post","link":"https:\/\/dgospel.com.br\/portal\/index.php\/2023\/05\/23\/secretarios-de-representacao-em-brasilia-alinham-pautas-prioritarias-para-forum-nacional-dos-governadores\/","title":{"rendered":"Secret\u00e1rios de Representa\u00e7\u00e3o em Bras\u00edlia alinham pautas priorit\u00e1rias para F\u00f3rum Nacional dos Governadores"},"content":{"rendered":"\n<p>Os secret\u00e1rios de representa\u00e7\u00e3o dos estados em Bras\u00edlia realizaram nesta segunda-feira, 22, a 1\u00aa Reuni\u00e3o de Representantes de 2023, com o objetivo de alinhar os posicionamentos de cada estado e do Distrito Federal sobre as principais pautas a serem abordadas no F\u00f3rum Nacional de Governadores que acontecer\u00e1 na pr\u00f3xima quarta-feira, 24. O encontro aconteceu na sede da Secretaria de Representa\u00e7\u00e3o do Rio Grande do Sul, em Bras\u00edlia.<\/p>\n\n\n\n<p>Estiveram presentes representantes de 23 estados e do Distrito Federal. O secret\u00e1rio Extraordin\u00e1rio de Representa\u00e7\u00e3o do Tocantins em Bras\u00edlia, Carlos Manzini, afirmou que o alinhamento entre os estados sobre as pautas nacionais mais relevantes para as unidades da federa\u00e7\u00e3o fortalece o trabalho dos governadores.&nbsp;<\/p>\n\n\n\n<p>&#8220;Hoje temos entre as prioridades do Congresso Nacional e do Governo Federal pautas que impactam diretamente na gest\u00e3o dos estados. Os poderes est\u00e3o ouvindo os governadores individualmente. O governador Wanderlei Barbosa tem vindo a Bras\u00edlia frequentemente para defender os interesses do Tocantins e esse alinhamento coletivo consolida a participa\u00e7\u00e3o das unidades da federa\u00e7\u00e3o no processo de tomada de decis\u00f5es nacionais, para que sejam efetivamente positivas para os estados&#8221;, afirmou.<\/p>\n\n\n\n<p>O governador Wanderlei Barbosa j\u00e1 confirmou presen\u00e7a no encontro do F\u00f3rum Nacional de Governadores desta semana, quando participar\u00e1 de debates sobre quatro temas priorit\u00e1rios para os estados: reforma tribut\u00e1ria, arrecada\u00e7\u00e3o financeira dos estados e Distrito Federal, piso dos profissionais de enfermagem e Estatuto Social do F\u00f3rum dos Governadores.&nbsp;<\/p>\n\n\n\n<p><strong>Monitoramento de pautas legislativas<\/strong><\/p>\n\n\n\n<p>Os representantes pontuaram a necessidade de fortalecer a agenda legislativa dos estados no Congresso Nacional, por meio do monitoramento de projetos de lei em tramita\u00e7\u00e3o, que podem impactar as gest\u00f5es estaduais. Na ocasi\u00e3o, foi constitu\u00eddo um grupo de trabalho para criar uma agenda legislativa e identificar solu\u00e7\u00f5es para o monitoramento sistem\u00e1tico da tramita\u00e7\u00e3o de projetos. O grupo \u00e9 formado pelos representantes dos estados de Santa Catarina, Sergipe, Goi\u00e1s, Minas Gerais e Amap\u00e1, sendo um representante para cada regi\u00e3o do pa\u00eds.\u00a0<\/p>\n\n\n\n<p><img src=\"https:\/\/central.to.gov.br\/image\/330976?w=670&amp;h=383\"><\/p>\n\n\n\n<p>O secret\u00e1rio de Representa\u00e7\u00e3o do Tocantins participou do encontro e reafirmou o compromisso do Tocantins em buscar de forma descentralizada solu\u00e7\u00f5es para desenvolvimento do estado &#8211; Julio Dutra\/Governo do Sergipe<\/p>\n","protected":false},"excerpt":{"rendered":"<p>Os secret\u00e1rios de representa\u00e7\u00e3o dos estados em Bras\u00edlia realizaram nesta segunda-feira, 22, a 1\u00aa Reuni\u00e3o de Representantes de 2023, com o objetivo de alinhar os posicionamentos de cada estado e do Distrito Federal sobre as principais pautas a serem abordadas no F\u00f3rum Nacional de Governadores que acontecer\u00e1 na pr\u00f3xima quarta-feira, 24. O encontro aconteceu na [&hellip;]<\/p>\n","protected":false},"author":2,"featured_media":15850,"comment_status":"open","ping_status":"open","sticky":false,"template":"","format":"standard","meta":[],"categories":[3],"tags":[13],"_links":{"self":[{"href":"https:\/\/dgospel.com.br\/portal\/index.php\/wp-json\/wp\/v2\/posts\/15849"}],"collection":[{"href":"https:\/\/dgospel.com.br\/portal\/index.php\/wp-json\/wp\/v2\/posts"}],"about":[{"href":"https:\/\/dgospel.com.br\/portal\/index.php\/wp-json\/wp\/v2\/types\/post"}],"author":[{"embeddable":true,"href":"https:\/\/dgospel.com.br\/portal\/index.php\/wp-json\/wp\/v2\/users\/2"}],"replies":[{"embeddable":true,"href":"https:\/\/dgospel.com.br\/portal\/index.php\/wp-json\/wp\/v2\/comments?post=15849"}],"version-history":[{"count":1,"href":"https:\/\/dgospel.com.br\/portal\/index.php\/wp-json\/wp\/v2\/posts\/15849\/revisions"}],"predecessor-version":[{"id":15851,"href":"https:\/\/dgospel.com.br\/portal\/index.php\/wp-json\/wp\/v2\/posts\/15849\/revisions\/15851"}],"wp:featuredmedia":[{"embeddable":true,"href":"https:\/\/dgospel.com.br\/portal\/index.php\/wp-json\/wp\/v2\/media\/15850"}],"wp:attachment":[{"href":"https:\/\/dgospel.com.br\/portal\/index.php\/wp-json\/wp\/v2\/media?parent=15849"}],"wp:term":[{"taxonomy":"category","embeddable":true,"href":"https:\/\/dgospel.com.br\/portal\/index.php\/wp-json\/wp\/v2\/categories?post=15849"},{"taxonomy":"post_tag","embeddable":true,"href":"https:\/\/dgospel.com.br\/portal\/index.php\/wp-json\/wp\/v2\/tags?post=15849"}],"curies":[{"name":"wp","href":"https:\/\/api.w.org\/{rel}","templated":true}]}}