{"id":15852,"date":"2023-05-23T10:53:20","date_gmt":"2023-05-23T13:53:20","guid":{"rendered":"http:\/\/dgospel.com.br\/portal\/?p=15852"},"modified":"2023-05-23T10:53:21","modified_gmt":"2023-05-23T13:53:21","slug":"zelensky-tira-a-mascara-pacifica-de-lula-e-o-expoe-para-a-politica-internacional","status":"publish","type":"post","link":"https:\/\/dgospel.com.br\/portal\/index.php\/2023\/05\/23\/zelensky-tira-a-mascara-pacifica-de-lula-e-o-expoe-para-a-politica-internacional\/","title":{"rendered":"Zelensky tira a m\u00e1scara \u2018pac\u00edfica\u2019 de Lula e o exp\u00f5e para a pol\u00edtica internacional"},"content":{"rendered":"\n<p>Os representantes de comunica\u00e7\u00e3o do governo do PT est\u00e3o construindo e propagando a narrativa de que o presidente ucraniano, Volodymyr Zelensky, n\u00e3o compareceu a uma reuni\u00e3o planejada com Lula, que generosamente reservou um espa\u00e7o em seu cronograma ocupado para acomodar a lideran\u00e7a ucraniana durante a c\u00fapula do G7 no Jap\u00e3o.<\/p>\n\n\n\n<p>A mesma equipe de comunica\u00e7\u00e3o relata que a visita surpresa de Zelensky ao Jap\u00e3o pegou Lula desprevenido, levando-o a resistir a um encontro com o presidente ucraniano. A verdade \u00e9 que&nbsp;Lula n\u00e3o resistiu a um encontro com Zelensky unicamente por estar descontente com a press\u00e3o ocidental, al\u00e9m de uma not\u00f3ria antipatia pessoal pelo l\u00edder ucraniano. Um encontro direto com Zelensky teria contradito a posi\u00e7\u00e3o conciliadora de Lula, que fez declara\u00e7\u00f5es pol\u00eamicas sobre a situa\u00e7\u00e3o entre R\u00fassia e Ucr\u00e2nia. A discord\u00e2ncia n\u00e3o tem nenhuma rela\u00e7\u00e3o com incompatibilidade de hor\u00e1rios, e sim de vis\u00f5es pol\u00edticas.<\/p>\n\n\n\n<p>A rea\u00e7\u00e3o final de Zelensky para com o presidente brasileiro revelou o verdadeiro posicionamento de Lula. Como um diplomata experiente, Zelensky evitou a humilha\u00e7\u00e3o de ser encaixado em um hor\u00e1rio dispon\u00edvel, como se fosse um subordinado esperando uma audi\u00eancia com um l\u00edder relutante. Essa atitude exp\u00f4s a falta de interesse de Lula em um acordo de paz justo e a sua inclina\u00e7\u00e3o por uma rendi\u00e7\u00e3o da Ucr\u00e2nia.<\/p>\n\n\n\n<p>A postura de Zelensky deixou claro para o mundo que Lula est\u00e1 alinhado com Vladimir Putin, apesar de seu discurso no G7, onde criticou a \u201cviola\u00e7\u00e3o da integridade territorial da Ucr\u00e2nia\u201d.<\/p>\n","protected":false},"excerpt":{"rendered":"<p>Os representantes de comunica\u00e7\u00e3o do governo do PT est\u00e3o construindo e propagando a narrativa de que o presidente ucraniano, Volodymyr Zelensky, n\u00e3o compareceu a uma reuni\u00e3o planejada com Lula, que generosamente reservou um espa\u00e7o em seu cronograma ocupado para acomodar a lideran\u00e7a ucraniana durante a c\u00fapula do G7 no Jap\u00e3o. A mesma equipe de comunica\u00e7\u00e3o [&hellip;]<\/p>\n","protected":false},"author":2,"featured_media":15853,"comment_status":"open","ping_status":"open","sticky":false,"template":"","format":"standard","meta":[],"categories":[16],"tags":[],"_links":{"self":[{"href":"https:\/\/dgospel.com.br\/portal\/index.php\/wp-json\/wp\/v2\/posts\/15852"}],"collection":[{"href":"https:\/\/dgospel.com.br\/portal\/index.php\/wp-json\/wp\/v2\/posts"}],"about":[{"href":"https:\/\/dgospel.com.br\/portal\/index.php\/wp-json\/wp\/v2\/types\/post"}],"author":[{"embeddable":true,"href":"https:\/\/dgospel.com.br\/portal\/index.php\/wp-json\/wp\/v2\/users\/2"}],"replies":[{"embeddable":true,"href":"https:\/\/dgospel.com.br\/portal\/index.php\/wp-json\/wp\/v2\/comments?post=15852"}],"version-history":[{"count":1,"href":"https:\/\/dgospel.com.br\/portal\/index.php\/wp-json\/wp\/v2\/posts\/15852\/revisions"}],"predecessor-version":[{"id":15854,"href":"https:\/\/dgospel.com.br\/portal\/index.php\/wp-json\/wp\/v2\/posts\/15852\/revisions\/15854"}],"wp:featuredmedia":[{"embeddable":true,"href":"https:\/\/dgospel.com.br\/portal\/index.php\/wp-json\/wp\/v2\/media\/15853"}],"wp:attachment":[{"href":"https:\/\/dgospel.com.br\/portal\/index.php\/wp-json\/wp\/v2\/media?parent=15852"}],"wp:term":[{"taxonomy":"category","embeddable":true,"href":"https:\/\/dgospel.com.br\/portal\/index.php\/wp-json\/wp\/v2\/categories?post=15852"},{"taxonomy":"post_tag","embeddable":true,"href":"https:\/\/dgospel.com.br\/portal\/index.php\/wp-json\/wp\/v2\/tags?post=15852"}],"curies":[{"name":"wp","href":"https:\/\/api.w.org\/{rel}","templated":true}]}}