{"id":15869,"date":"2023-05-23T12:24:42","date_gmt":"2023-05-23T15:24:42","guid":{"rendered":"http:\/\/dgospel.com.br\/portal\/?p=15869"},"modified":"2023-05-23T12:24:43","modified_gmt":"2023-05-23T15:24:43","slug":"trf-4-afasta-juiz-lulista-da-lava-jato-lula-bloqueia-de-r17-bi-no-orcamento-gleisi-diz-que-presidente-do-bc-tem-falta-de-conhecimento-sobre-o-brasil-chefe-do-bc-diz-que-ruido-co","status":"publish","type":"post","link":"https:\/\/dgospel.com.br\/portal\/index.php\/2023\/05\/23\/trf-4-afasta-juiz-lulista-da-lava-jato-lula-bloqueia-de-r17-bi-no-orcamento-gleisi-diz-que-presidente-do-bc-tem-falta-de-conhecimento-sobre-o-brasil-chefe-do-bc-diz-que-ruido-co\/","title":{"rendered":"TRF-4 afasta juiz lulista da Lava Jato; Lula bloqueia de R$1,7 bi no or\u00e7amento; Gleisi diz que presidente do BC tem \u2018falta de conhecimento\u2019 sobre o Brasil; Chefe do BC diz que ru\u00eddo com governo afeta infla\u00e7\u00e3o"},"content":{"rendered":"\n<h1>TRF-4 afasta juiz lulista da Lava Jato<\/h1>\n\n\n\n<p>Nesta segunda-feira (22), o Tribunal Regional Federal da 4\u00aa Regi\u00e3o (TRF-4) emitiu uma medida cautelar para o afastamento juiz Eduardo Appio da 13\u00aa Vara Federal, ele ter\u00e1 15 dias para apresentar uma defesa pr\u00e9via. O TRF-4 afirma que Appio foi o respons\u00e1vel por uma liga\u00e7\u00e3o telef\u00f4nica com amea\u00e7as de m0rte ao filho do desembargador Marcelo Malucelli. Em abril, Malucelli paralisou o processo de revoga\u00e7\u00e3o do mandado de pris\u00e3o do advogado Rodrigo Tacla Dur\u00e1n, uma decis\u00e3o feita por Appio, o novo comandante da Lava Jato e um apoiador declarado de Lula, para quem fez uma doa\u00e7\u00e3o durante a campanha eleitoral no ano passado.<\/p>\n\n\n\n<h1>Lula bloqueia de R$1,7 bi no or\u00e7amento<\/h1>\n\n\n\n<p>Para cumprir o teto de gastos governamentais, o Minist\u00e9rio do Planejamento e Or\u00e7amento revelou na tarde de segunda-feira (22) que \u00e9 necess\u00e1rio um corte de R$ 1,7 bilh\u00e3o em despesas discricion\u00e1rias, segundo o Relat\u00f3rio de Avalia\u00e7\u00e3o de Receitas e Despesas Prim\u00e1rias do 2\u00b0 Bimestre. Este excesso representa 0,09% em rela\u00e7\u00e3o ao limite total do Teto de Gastos, de R$ 1.945,3 bilh\u00f5es, e 0,87% em rela\u00e7\u00e3o ao total de despesas discricion\u00e1rias do Poder Executivo, de R$ 193,9 bilh\u00f5es. \u201cO detalhamento do bloqueio de R$ 1,7 bilh\u00e3o ser\u00e1 discriminado no dia 30 quando da publica\u00e7\u00e3o do decreto de programa\u00e7\u00e3o [or\u00e7ament\u00e1ria]\u201d, informou o secret\u00e1rio de Or\u00e7amento Federal, Paulo Bijos.<\/p>\n\n\n\n<h1>Gleisi diz que presidente do BC tem \u2018falta de conhecimento\u2019 sobre o Brasil<\/h1>\n\n\n\n<p>A presidente do PT, deputada federal&nbsp;<strong><a href=\"https:\/\/twitter.com\/gleisi\/status\/1660718872058535963\" target=\"_blank\" rel=\"noreferrer noopener\">Gleisi Hoffmann&nbsp;<\/a><\/strong>(PR), disse que o presidente do Banco Central (BC), Roberto Campos Neto, n\u00e3o conhece o Brasil. A petista saiu em defesa do presidente Lula, que foi criticado por Campos Neto nesta segunda-feira, 22.<\/p>\n\n\n\n<h1>Chefe do BC diz que ru\u00eddo com governo afeta infla\u00e7\u00e3o<\/h1>\n\n\n\n<p>O presidente do Banco Central (BC), Roberto Campos Neto, afirmou, nesta segunda-feira (22), que as diverg\u00eancias p\u00fablicas entre a autoridade monet\u00e1ria e o governo federal est\u00e3o entre os fatores que mant\u00eam a alta das expectativas para infla\u00e7\u00e3o. \u201cO ru\u00eddo entre o governo e o Banco Central gerou uma incerteza em rela\u00e7\u00e3o a capacidade do Banco Central de atingir os objetivos\u201d, disse em palestra promovida pelo jornal Folha de S.Paulo.<\/p>\n\n\n\n<h1>&nbsp;<\/h1>\n\n\n\n<h1>&nbsp;<\/h1>\n","protected":false},"excerpt":{"rendered":"<p>TRF-4 afasta juiz lulista da Lava Jato Nesta segunda-feira (22), o Tribunal Regional Federal da 4\u00aa Regi\u00e3o (TRF-4) emitiu uma medida cautelar para o afastamento juiz Eduardo Appio da 13\u00aa Vara Federal, ele ter\u00e1 15 dias para apresentar uma defesa pr\u00e9via. O TRF-4 afirma que Appio foi o respons\u00e1vel por uma liga\u00e7\u00e3o telef\u00f4nica com amea\u00e7as [&hellip;]<\/p>\n","protected":false},"author":2,"featured_media":15598,"comment_status":"open","ping_status":"open","sticky":false,"template":"","format":"standard","meta":[],"categories":[11,12],"tags":[],"_links":{"self":[{"href":"https:\/\/dgospel.com.br\/portal\/index.php\/wp-json\/wp\/v2\/posts\/15869"}],"collection":[{"href":"https:\/\/dgospel.com.br\/portal\/index.php\/wp-json\/wp\/v2\/posts"}],"about":[{"href":"https:\/\/dgospel.com.br\/portal\/index.php\/wp-json\/wp\/v2\/types\/post"}],"author":[{"embeddable":true,"href":"https:\/\/dgospel.com.br\/portal\/index.php\/wp-json\/wp\/v2\/users\/2"}],"replies":[{"embeddable":true,"href":"https:\/\/dgospel.com.br\/portal\/index.php\/wp-json\/wp\/v2\/comments?post=15869"}],"version-history":[{"count":1,"href":"https:\/\/dgospel.com.br\/portal\/index.php\/wp-json\/wp\/v2\/posts\/15869\/revisions"}],"predecessor-version":[{"id":15870,"href":"https:\/\/dgospel.com.br\/portal\/index.php\/wp-json\/wp\/v2\/posts\/15869\/revisions\/15870"}],"wp:featuredmedia":[{"embeddable":true,"href":"https:\/\/dgospel.com.br\/portal\/index.php\/wp-json\/wp\/v2\/media\/15598"}],"wp:attachment":[{"href":"https:\/\/dgospel.com.br\/portal\/index.php\/wp-json\/wp\/v2\/media?parent=15869"}],"wp:term":[{"taxonomy":"category","embeddable":true,"href":"https:\/\/dgospel.com.br\/portal\/index.php\/wp-json\/wp\/v2\/categories?post=15869"},{"taxonomy":"post_tag","embeddable":true,"href":"https:\/\/dgospel.com.br\/portal\/index.php\/wp-json\/wp\/v2\/tags?post=15869"}],"curies":[{"name":"wp","href":"https:\/\/api.w.org\/{rel}","templated":true}]}}