{"id":15871,"date":"2023-05-23T17:46:21","date_gmt":"2023-05-23T20:46:21","guid":{"rendered":"http:\/\/dgospel.com.br\/portal\/?p=15871"},"modified":"2023-05-23T17:46:23","modified_gmt":"2023-05-23T20:46:23","slug":"juiza-que-condenou-lula-por-caso-do-sitio-assume-a-lava-jato","status":"publish","type":"post","link":"https:\/\/dgospel.com.br\/portal\/index.php\/2023\/05\/23\/juiza-que-condenou-lula-por-caso-do-sitio-assume-a-lava-jato\/","title":{"rendered":"Ju\u00edza que condenou Lula por caso do s\u00edtio assume a Lava Jato"},"content":{"rendered":"\n<p>A ju\u00edza federal substituta Gabriela Hardt assumiu o posto de titular da 13\u00aa Vara Federal de Curitiba, logo ap\u00f3s o Tribunal Regional Federal da 4\u00aa Regi\u00e3o (TRF-4) decidir afastar o juiz Eduardo Appio, nesta segunda-feira (22). De forma provis\u00f3ria, a magistrada passar\u00e1 a ser respons\u00e1vel pelos processos da Opera\u00e7\u00e3o Lava Jato no Paran\u00e1.<\/p>\n\n\n\n<p><a rel=\"noreferrer noopener\" href=\"https:\/\/pleno.news\/brasil\/juiza-que-condenou-lula-pede-remocao-da-vara-da-lava-jato.html\" target=\"_blank\">Conforme noticiado nesta segunda<\/a>, Gabriela Hardt j\u00e1 demonstrou interesse em mudar de vara. O pedido de remo\u00e7\u00e3o foi feito ao TRF-4, e ela indicou outras 35 varas que est\u00e3o localizadas tanto na capital paranaense quanto nas cidades de Itaja\u00ed e Florian\u00f3polis, ambas em Santa Catarina, para ser alocada.<\/p>\n\n\n\n<p>De acordo com a revista Veja, h\u00e1 grandes possibilidades da ju\u00edza substituta ser enviada para a capital catarinense, pois h\u00e1 uma vaga aberta entre as 28 consideradas no edital.<\/p>\n\n\n\n<p>Hardt substituiu Sergio Moro no processo contra Luiz In\u00e1cio Lula da Silva em rela\u00e7\u00e3o ao s\u00edtio em Atibaia, em S\u00e3o Paulo. Em 2019, ela condenou o petista a 12 anos e 11 meses de pris\u00e3o. A senten\u00e7a acabou anulada pelo Supremo Tribunal Federal (STF), assim como outros casos contra o petista na Lava Jato do Paran\u00e1.<\/p>\n\n\n\n<p>Em mar\u00e7o deste ano, a ju\u00edza foi respons\u00e1vel por assinar os mandados de pris\u00e3o e de busca e apreens\u00e3o que foram cumpridos pela Pol\u00edcia Federal contra nove suspeitos de planejar ataques a autoridades, entre as quais estaria Sergio Moro.<\/p>\n","protected":false},"excerpt":{"rendered":"<p>A ju\u00edza federal substituta Gabriela Hardt assumiu o posto de titular da 13\u00aa Vara Federal de Curitiba, logo ap\u00f3s o Tribunal Regional Federal da 4\u00aa Regi\u00e3o (TRF-4) decidir afastar o juiz Eduardo Appio, nesta segunda-feira (22). De forma provis\u00f3ria, a magistrada passar\u00e1 a ser respons\u00e1vel pelos processos da Opera\u00e7\u00e3o Lava Jato no Paran\u00e1. Conforme noticiado [&hellip;]<\/p>\n","protected":false},"author":2,"featured_media":15872,"comment_status":"open","ping_status":"open","sticky":false,"template":"","format":"standard","meta":[],"categories":[10],"tags":[],"_links":{"self":[{"href":"https:\/\/dgospel.com.br\/portal\/index.php\/wp-json\/wp\/v2\/posts\/15871"}],"collection":[{"href":"https:\/\/dgospel.com.br\/portal\/index.php\/wp-json\/wp\/v2\/posts"}],"about":[{"href":"https:\/\/dgospel.com.br\/portal\/index.php\/wp-json\/wp\/v2\/types\/post"}],"author":[{"embeddable":true,"href":"https:\/\/dgospel.com.br\/portal\/index.php\/wp-json\/wp\/v2\/users\/2"}],"replies":[{"embeddable":true,"href":"https:\/\/dgospel.com.br\/portal\/index.php\/wp-json\/wp\/v2\/comments?post=15871"}],"version-history":[{"count":1,"href":"https:\/\/dgospel.com.br\/portal\/index.php\/wp-json\/wp\/v2\/posts\/15871\/revisions"}],"predecessor-version":[{"id":15873,"href":"https:\/\/dgospel.com.br\/portal\/index.php\/wp-json\/wp\/v2\/posts\/15871\/revisions\/15873"}],"wp:featuredmedia":[{"embeddable":true,"href":"https:\/\/dgospel.com.br\/portal\/index.php\/wp-json\/wp\/v2\/media\/15872"}],"wp:attachment":[{"href":"https:\/\/dgospel.com.br\/portal\/index.php\/wp-json\/wp\/v2\/media?parent=15871"}],"wp:term":[{"taxonomy":"category","embeddable":true,"href":"https:\/\/dgospel.com.br\/portal\/index.php\/wp-json\/wp\/v2\/categories?post=15871"},{"taxonomy":"post_tag","embeddable":true,"href":"https:\/\/dgospel.com.br\/portal\/index.php\/wp-json\/wp\/v2\/tags?post=15871"}],"curies":[{"name":"wp","href":"https:\/\/api.w.org\/{rel}","templated":true}]}}