{"id":15877,"date":"2023-05-24T16:27:15","date_gmt":"2023-05-24T19:27:15","guid":{"rendered":"http:\/\/dgospel.com.br\/portal\/?p=15877"},"modified":"2023-05-24T16:27:16","modified_gmt":"2023-05-24T19:27:16","slug":"leo-barbosa-solicita-a-abertura-de-cursos-de-graduacao-em-terapia-ocupacional-e-fonoaudiologia-na-unitins","status":"publish","type":"post","link":"https:\/\/dgospel.com.br\/portal\/index.php\/2023\/05\/24\/leo-barbosa-solicita-a-abertura-de-cursos-de-graduacao-em-terapia-ocupacional-e-fonoaudiologia-na-unitins\/","title":{"rendered":"L\u00e9o Barbosa solicita a abertura de cursos de gradua\u00e7\u00e3o em Terapia Ocupacional e Fonoaudiologia na Unitins"},"content":{"rendered":"\n<p>Levando em considera\u00e7\u00e3o o d\u00e9ficit de profissionais das \u00e1reas de Fonoaudiologia e Terapia ocupacional no Estado do Tocantins, o deputado estadual L\u00e9o Barbosa (Republicanos) apresentou nesta ter\u00e7a-feira, 23, um requerimento solicitando a abertura de cursos de gradua\u00e7\u00e3o, em ambas as \u00e1reas, na Universidade Estadual do Tocantins &#8211; Unitins.<\/p>\n\n\n\n<p>Segundo a justificativa da solicita\u00e7\u00e3o, atualmente o Tocantins possui apenas um curso de Fonoaudiologia dispon\u00edvel na rede privada de ensino, n\u00e3o havendo op\u00e7\u00f5es na rede p\u00fablica. Quanto ao curso de Terapia Ocupacional, o estado n\u00e3o conta com nenhuma institui\u00e7\u00e3o que fa\u00e7a a oferta da gradua\u00e7\u00e3o.<\/p>\n\n\n\n<p>\u201cN\u00f3s sabemos que essa car\u00eancia de oferta educacional resulta em uma demanda reprimida por profissionais qualificados nessas \u00e1reas de atua\u00e7\u00e3o, e isso tem um impacto muito significativo na sa\u00fade e bem-estar dos tocantinenses, principalmente para as pessoas com defici\u00eancia, incluindo o Transtorno do Expectro Autista\u201d, ressaltou Barbosa.<\/p>\n\n\n\n<p>Entre os pontos levantados para justificar o requerimento est\u00e3o:&nbsp;Suprimento da demanda, interven\u00e7\u00e3o precoce e acompanhamento cont\u00ednuo de pacientes;&nbsp;Inclus\u00e3o social e autonomia, e impacto econ\u00f4mico positivo para o Estado.&nbsp;<\/p>\n\n\n\n<p>\u201cA disponibilidade de profissionais qualificados em Terapia Ocupacional e Fonoaudiologia atrair\u00e3o investimentos na \u00e1rea da sa\u00fade, incluindo cl\u00ednicas e centros de reabilita\u00e7\u00e3o. Esses investimentos n\u00e3o apenas promover\u00e3o a gera\u00e7\u00e3o de empregos, mas tamb\u00e9m impulsionar\u00e3o o desenvolvimento da economia local\u201d, completou o deputado.<\/p>\n","protected":false},"excerpt":{"rendered":"<p>Levando em considera\u00e7\u00e3o o d\u00e9ficit de profissionais das \u00e1reas de Fonoaudiologia e Terapia ocupacional no Estado do Tocantins, o deputado estadual L\u00e9o Barbosa (Republicanos) apresentou nesta ter\u00e7a-feira, 23, um requerimento solicitando a abertura de cursos de gradua\u00e7\u00e3o, em ambas as \u00e1reas, na Universidade Estadual do Tocantins &#8211; Unitins. Segundo a justificativa da solicita\u00e7\u00e3o, atualmente o [&hellip;]<\/p>\n","protected":false},"author":2,"featured_media":15878,"comment_status":"open","ping_status":"open","sticky":false,"template":"","format":"standard","meta":[],"categories":[8],"tags":[13],"_links":{"self":[{"href":"https:\/\/dgospel.com.br\/portal\/index.php\/wp-json\/wp\/v2\/posts\/15877"}],"collection":[{"href":"https:\/\/dgospel.com.br\/portal\/index.php\/wp-json\/wp\/v2\/posts"}],"about":[{"href":"https:\/\/dgospel.com.br\/portal\/index.php\/wp-json\/wp\/v2\/types\/post"}],"author":[{"embeddable":true,"href":"https:\/\/dgospel.com.br\/portal\/index.php\/wp-json\/wp\/v2\/users\/2"}],"replies":[{"embeddable":true,"href":"https:\/\/dgospel.com.br\/portal\/index.php\/wp-json\/wp\/v2\/comments?post=15877"}],"version-history":[{"count":1,"href":"https:\/\/dgospel.com.br\/portal\/index.php\/wp-json\/wp\/v2\/posts\/15877\/revisions"}],"predecessor-version":[{"id":15879,"href":"https:\/\/dgospel.com.br\/portal\/index.php\/wp-json\/wp\/v2\/posts\/15877\/revisions\/15879"}],"wp:featuredmedia":[{"embeddable":true,"href":"https:\/\/dgospel.com.br\/portal\/index.php\/wp-json\/wp\/v2\/media\/15878"}],"wp:attachment":[{"href":"https:\/\/dgospel.com.br\/portal\/index.php\/wp-json\/wp\/v2\/media?parent=15877"}],"wp:term":[{"taxonomy":"category","embeddable":true,"href":"https:\/\/dgospel.com.br\/portal\/index.php\/wp-json\/wp\/v2\/categories?post=15877"},{"taxonomy":"post_tag","embeddable":true,"href":"https:\/\/dgospel.com.br\/portal\/index.php\/wp-json\/wp\/v2\/tags?post=15877"}],"curies":[{"name":"wp","href":"https:\/\/api.w.org\/{rel}","templated":true}]}}