{"id":15880,"date":"2023-05-24T22:32:09","date_gmt":"2023-05-25T01:32:09","guid":{"rendered":"http:\/\/dgospel.com.br\/portal\/?p=15880"},"modified":"2023-05-24T22:32:10","modified_gmt":"2023-05-25T01:32:10","slug":"oms-ja-fala-em-nova-pandemia","status":"publish","type":"post","link":"https:\/\/dgospel.com.br\/portal\/index.php\/2023\/05\/24\/oms-ja-fala-em-nova-pandemia\/","title":{"rendered":"OMS j\u00e1 fala em nova pandemia"},"content":{"rendered":"\n<p>O diretor-geral da&nbsp;<strong><a href=\"https:\/\/revistaoeste.com\/tag\/organizacao-mundial-da-saude-(oms)\" target=\"_blank\" rel=\"noreferrer noopener\">Organiza\u00e7\u00e3o Mundial da Sa\u00fade<\/a><\/strong>&nbsp;(OMS), Tedros Adhanom Ghebreyesus, pediu que os pa\u00edses fa\u00e7am as \u201creformas necess\u00e1rias\u201d para suportar uma pr\u00f3xima pandemia. Ele fez a advert\u00eancia na segunda-feira 22, durante a assembleia anual da OMS.<\/p>\n\n\n\n<p>\u201cSe n\u00e3o fizermos as mudan\u00e7as que precisam ser feitas, quem far\u00e1?\u201d, perguntou Tedros,&nbsp;<strong><a href=\"https:\/\/revistaoeste.com\/mundo\/coronavirus\/oms-decreta-fim-da-emergencia-de-covid-19\/\" target=\"_blank\" rel=\"noreferrer noopener\">semanas depois de a organiza\u00e7\u00e3o decretar o fim da emerg\u00eancia global para a pandemia de covid-19<\/a><\/strong>. \u201cE se n\u00e3o fizermos agora, quando?\u201d<\/p>\n\n\n\n<p>O chefe da OMS disse que tais medidas precisam ser tomadas com celeridade, porque a pr\u00f3xima pandemia est\u00e1 fadada a \u201cbater \u00e0 porta\u201d. \u201cN\u00e3o podemos empurrar com a barriga\u201d, advertiu Tedros.<\/p>\n\n\n\n<h2 id=\"h-ameaca-de-nova-pandemia\"><strong>Amea\u00e7a de nova pandemia?<\/strong><\/h2>\n\n\n\n<figure class=\"wp-block-image\"><img src=\"https:\/\/medias.revistaoeste.com\/qa-staging\/wp-content\/uploads\/2020\/07\/Tedros-Adhanom-indiv%C3%ADduo-bolsonaro-covid-19-oms.jpg\" alt=\"fim da pandemia\" class=\"wp-image-287333\"\/><figcaption>O diretor-geral da OMS, Tedros Adhanom | Foto: Divulga\u00e7\u00e3o\/OMS<\/figcaption><\/figure>\n\n\n\n<p>A Assembleia Mundial da Sa\u00fade coincide com o 75\u00ba anivers\u00e1rio da OMS. O evento ter\u00e1 dura\u00e7\u00e3o de dez dias.<\/p>\n\n\n\n<p>Os 194 Estados membros da OMS negociam reformas nas regras que fixam suas obriga\u00e7\u00f5es no caso de uma amea\u00e7a internacional de sa\u00fade. Os pa\u00edses tamb\u00e9m trabalham para elaborar um tratado pand\u00eamico mais amplo, o que deve ser consolidado em 2024. \u201cUm compromisso desta gera\u00e7\u00e3o \u00e9 importante, porque \u00e9 esta gera\u00e7\u00e3o que experimentou qu\u00e3o terr\u00edvel um pequeno v\u00edrus pode ser\u201d, disse&nbsp;<strong><a href=\"https:\/\/pt.wikipedia.org\/wiki\/Tedros_Adhanom\" target=\"_blank\" rel=\"noreferrer noopener\">Tedros<\/a><\/strong>.<\/p>\n\n\n\n<p>O diretor-geral da OMS tamb\u00e9m avaliou o est\u00e1gio da&nbsp;<strong><a href=\"https:\/\/www.paho.org\/pt\/covid19\" target=\"_blank\" rel=\"noreferrer noopener\">covid-19<\/a><\/strong>&nbsp;no mundo. \u201cPermanece a amea\u00e7a do surgimento de outra variante, que pode causar novos surtos de doen\u00e7as e mortes\u201d, alertou. \u201cA amea\u00e7a de outro pat\u00f3geno emergente com potencial ainda mais mortal continua. As pandemias est\u00e3o longe de ser a \u00fanica amea\u00e7a que enfrentamos. Em um mundo de crises sobrepostas e convergentes, uma arquitetura eficaz para a prepara\u00e7\u00e3o e para a resposta a emerg\u00eancias de sa\u00fade deve abordar emerg\u00eancias de todos os tipos.\u201d<\/p>\n","protected":false},"excerpt":{"rendered":"<p>O diretor-geral da&nbsp;Organiza\u00e7\u00e3o Mundial da Sa\u00fade&nbsp;(OMS), Tedros Adhanom Ghebreyesus, pediu que os pa\u00edses fa\u00e7am as \u201creformas necess\u00e1rias\u201d para suportar uma pr\u00f3xima pandemia. Ele fez a advert\u00eancia na segunda-feira 22, durante a assembleia anual da OMS. \u201cSe n\u00e3o fizermos as mudan\u00e7as que precisam ser feitas, quem far\u00e1?\u201d, perguntou Tedros,&nbsp;semanas depois de a organiza\u00e7\u00e3o decretar o fim [&hellip;]<\/p>\n","protected":false},"author":2,"featured_media":15881,"comment_status":"open","ping_status":"open","sticky":false,"template":"","format":"standard","meta":[],"categories":[16],"tags":[],"_links":{"self":[{"href":"https:\/\/dgospel.com.br\/portal\/index.php\/wp-json\/wp\/v2\/posts\/15880"}],"collection":[{"href":"https:\/\/dgospel.com.br\/portal\/index.php\/wp-json\/wp\/v2\/posts"}],"about":[{"href":"https:\/\/dgospel.com.br\/portal\/index.php\/wp-json\/wp\/v2\/types\/post"}],"author":[{"embeddable":true,"href":"https:\/\/dgospel.com.br\/portal\/index.php\/wp-json\/wp\/v2\/users\/2"}],"replies":[{"embeddable":true,"href":"https:\/\/dgospel.com.br\/portal\/index.php\/wp-json\/wp\/v2\/comments?post=15880"}],"version-history":[{"count":1,"href":"https:\/\/dgospel.com.br\/portal\/index.php\/wp-json\/wp\/v2\/posts\/15880\/revisions"}],"predecessor-version":[{"id":15882,"href":"https:\/\/dgospel.com.br\/portal\/index.php\/wp-json\/wp\/v2\/posts\/15880\/revisions\/15882"}],"wp:featuredmedia":[{"embeddable":true,"href":"https:\/\/dgospel.com.br\/portal\/index.php\/wp-json\/wp\/v2\/media\/15881"}],"wp:attachment":[{"href":"https:\/\/dgospel.com.br\/portal\/index.php\/wp-json\/wp\/v2\/media?parent=15880"}],"wp:term":[{"taxonomy":"category","embeddable":true,"href":"https:\/\/dgospel.com.br\/portal\/index.php\/wp-json\/wp\/v2\/categories?post=15880"},{"taxonomy":"post_tag","embeddable":true,"href":"https:\/\/dgospel.com.br\/portal\/index.php\/wp-json\/wp\/v2\/tags?post=15880"}],"curies":[{"name":"wp","href":"https:\/\/api.w.org\/{rel}","templated":true}]}}