{"id":15883,"date":"2023-05-25T10:27:55","date_gmt":"2023-05-25T13:27:55","guid":{"rendered":"http:\/\/dgospel.com.br\/portal\/?p=15883"},"modified":"2023-05-25T10:34:52","modified_gmt":"2023-05-25T13:34:52","slug":"deputado-gipao-emite-mocao-de-aplausos-a-omep-pela-realizacao-da-marcha-para-jesus-em-palmas","status":"publish","type":"post","link":"https:\/\/dgospel.com.br\/portal\/index.php\/2023\/05\/25\/deputado-gipao-emite-mocao-de-aplausos-a-omep-pela-realizacao-da-marcha-para-jesus-em-palmas\/","title":{"rendered":"Deputado Gip\u00e3o emite Mo\u00e7\u00e3o de Aplausos \u00e0 OMEP pela realiza\u00e7\u00e3o da Marcha para Jesus em Palmas"},"content":{"rendered":"\n<p>O deputado Aldair Costa (Gip\u00e3o) homenageou a Ordem dos Ministros do Evangelho de Palmas (OMEP) com uma Mo\u00e7\u00e3o de Aplausos, pela realiza\u00e7\u00e3o da Marcha para Jesus, no \u00faltimo s\u00e1bado (20), na capital.<\/p>\n\n\n\n<p>A UMEP foi fundada em 1995, com o objetivo de fortalecer a unidade entre os crist\u00e3os, sem limitar-se \u00e0s barreiras denominacionais, e expandir o evangelho de Cristo. J\u00e1 a marcha para Jesus passou a acontecer dois anos depois da cria\u00e7\u00e3o da ordem, em 1998. atualmente, o evento faz parte do calend\u00e1rio municipal, atraindo milhares de evang\u00e9licos das mais diversas denomina\u00e7\u00f5es. Durante o percurso acontecem ora\u00e7\u00f5es prega\u00e7\u00f5es e apresenta\u00e7\u00f5es musicais.<\/p>\n\n\n\n<p>Este ano o evento, segundo levantamento da OMEP, reuniu um p\u00fablico de mais de 14 mil pessoas na pra\u00e7a dos Girassois.<\/p>\n\n\n\n<p><\/p>\n\n\n\n<figure class=\"wp-block-image size-full\"><img loading=\"lazy\" width=\"829\" height=\"946\" src=\"http:\/\/dgospel.com.br\/portal\/wp-content\/uploads\/2023\/05\/0000000000000000000000000.jpg\" alt=\"\" class=\"wp-image-15886\" srcset=\"https:\/\/dgospel.com.br\/portal\/wp-content\/uploads\/2023\/05\/0000000000000000000000000.jpg 829w, https:\/\/dgospel.com.br\/portal\/wp-content\/uploads\/2023\/05\/0000000000000000000000000-263x300.jpg 263w, https:\/\/dgospel.com.br\/portal\/wp-content\/uploads\/2023\/05\/0000000000000000000000000-768x876.jpg 768w\" sizes=\"(max-width: 829px) 100vw, 829px\" \/><\/figure>\n\n\n\n<p>Gip\u00e3o destacou o excelente trabalho desenvolvido pela entidade na capital, falando sobre a import\u00e2ncia do evento e parabenizou todos os envolvidos que estiveram engajados no projeto.<\/p>\n\n\n\n<p>\u201cMeu desejo, com esse gesto, \u00e9 reconhecer o esfor\u00e7o, compromisso, a dedica\u00e7\u00e3o e relev\u00e2ncia do trabalho desenvolvido pela OMEP, na realiza\u00e7\u00e3o desse evento. A Marcha para Jesus continua reunindo um grande p\u00fablico em palmas. Isto demonstra como a marcha tem o potencial de impactar vidas. Quem participa uma vez quer voltar no ano seguinte. Podemos notar o avan\u00e7o do evangelho de Jesus Cristo nesta terra; todos os anos o n\u00famero de participantes s\u00f3 aumenta. \u00c9 um ajuntamento de homens e mulheres de Deus que oram pelas fam\u00edlias, pela cidade, pelo estado e pela na\u00e7\u00e3o. Eles levam uma mensagem de paz e esperan\u00e7a para as pessoas, por isso merece nosso total apoio. Parab\u00e9ns ao presidente da ordem, Ap\u00f3stolo Tertuliano, pelo brilhante trabalho \u00e0 frente desta importante entidade. Palmas completou 34 anos e o povo de Deus continua refor\u00e7ando que fez, e faz, parte da constru\u00e7\u00e3o da hist\u00f3ria deste lugar\u201d, frisou o deputado.<\/p>\n\n\n\n<p>Tertuliano marcou presen\u00e7a durante a sess\u00e3o ordin\u00e1ria e ocupou lugar na tribuna de honra da Assembleia Legislativa, para acompanhar a aprecia\u00e7\u00e3o dos parlamentares \u00e0 propositura do deputado Gip\u00e3o. O l\u00edder agradeceu ao deputado e salientou que o \u00eaxito obtido na realiza\u00e7\u00e3o da marcha \u00e9 fruto da uni\u00e3o das igrejas.<\/p>\n\n\n\n<p>\u201cMe sinto lisonjeado, honrado por esse grande privil\u00e9gio de saber que a nossa miss\u00e3o est\u00e1 apenas no come\u00e7o. \u00c9 \u00e1rdua e queremos provocar mais momentos como esse em nossa capital e honrar o nome de Jesus. Essa \u00e9 nossa miss\u00e3o como OMEP, Ordem dos Ministros do Evangelho de Palmas. A Marcha para Jesus, em 1998, que come\u00e7ou ainda bem raqu\u00edticazinha e hoje realizar um evento que aglomerou mais de 14 mil pessoas na nossa capital foi algo assim, fant\u00e1stico. E o sucesso que se deve \u00e9 \u00e0 unidade das igrejas em Palmas. As igrejas realmente abra\u00e7aram a causa, a ideia, e eu tenho certeza que essa foi s\u00f3 a primeira, pois nosso foco e nosso objetivo \u00e9 fazer muito mais para Jesus\u2019, refor\u00e7ou Sebasti\u00e3o.<\/p>\n\n\n\n<p>O requerimento, de autoria do deputado Gip\u00e3o, foi aprovado por unanimidade pelos pares.<\/p>\n\n\n\n<p>Apresenta\u00e7\u00f5es<\/p>\n\n\n\n<p>V\u00e1rios cantores de renome nacional se apresentaram no palco montado na pra\u00e7a dos Girassois, como: Gisele Nascimento, Israel Salazar, Davi Sacer, Nath\u00e1lia Braga, Valesca Mayssa, Jeferson e Suelen, al\u00e9m cantores regionais e bandas locais.<\/p>\n\n\n\n<p>A Marcha para Jesus no Brasil<\/p>\n\n\n\n<p>A Marcha para Jesus come\u00e7ou no Brasil em 1993, na cidade de S\u00e3o Paulo, reunindo igrejas crist\u00e3s do pa\u00eds e do mundo e aberta \u00e0 participa\u00e7\u00e3o de toda a popula\u00e7\u00e3o. Ao longo dessas tr\u00eas d\u00e9cadas, o evento se multiplicou, originando edi\u00e7\u00f5es em outros estados brasileiros.<\/p>\n","protected":false},"excerpt":{"rendered":"<p>O deputado Aldair Costa (Gip\u00e3o) homenageou a Ordem dos Ministros do Evangelho de Palmas (OMEP) com uma Mo\u00e7\u00e3o de Aplausos, pela realiza\u00e7\u00e3o da Marcha para Jesus, no \u00faltimo s\u00e1bado (20), na capital. A UMEP foi fundada em 1995, com o objetivo de fortalecer a unidade entre os crist\u00e3os, sem limitar-se \u00e0s barreiras denominacionais, e expandir [&hellip;]<\/p>\n","protected":false},"author":2,"featured_media":15888,"comment_status":"open","ping_status":"open","sticky":false,"template":"","format":"standard","meta":[],"categories":[8],"tags":[],"_links":{"self":[{"href":"https:\/\/dgospel.com.br\/portal\/index.php\/wp-json\/wp\/v2\/posts\/15883"}],"collection":[{"href":"https:\/\/dgospel.com.br\/portal\/index.php\/wp-json\/wp\/v2\/posts"}],"about":[{"href":"https:\/\/dgospel.com.br\/portal\/index.php\/wp-json\/wp\/v2\/types\/post"}],"author":[{"embeddable":true,"href":"https:\/\/dgospel.com.br\/portal\/index.php\/wp-json\/wp\/v2\/users\/2"}],"replies":[{"embeddable":true,"href":"https:\/\/dgospel.com.br\/portal\/index.php\/wp-json\/wp\/v2\/comments?post=15883"}],"version-history":[{"count":2,"href":"https:\/\/dgospel.com.br\/portal\/index.php\/wp-json\/wp\/v2\/posts\/15883\/revisions"}],"predecessor-version":[{"id":15887,"href":"https:\/\/dgospel.com.br\/portal\/index.php\/wp-json\/wp\/v2\/posts\/15883\/revisions\/15887"}],"wp:featuredmedia":[{"embeddable":true,"href":"https:\/\/dgospel.com.br\/portal\/index.php\/wp-json\/wp\/v2\/media\/15888"}],"wp:attachment":[{"href":"https:\/\/dgospel.com.br\/portal\/index.php\/wp-json\/wp\/v2\/media?parent=15883"}],"wp:term":[{"taxonomy":"category","embeddable":true,"href":"https:\/\/dgospel.com.br\/portal\/index.php\/wp-json\/wp\/v2\/categories?post=15883"},{"taxonomy":"post_tag","embeddable":true,"href":"https:\/\/dgospel.com.br\/portal\/index.php\/wp-json\/wp\/v2\/tags?post=15883"}],"curies":[{"name":"wp","href":"https:\/\/api.w.org\/{rel}","templated":true}]}}