{"id":15889,"date":"2023-05-25T11:10:55","date_gmt":"2023-05-25T14:10:55","guid":{"rendered":"http:\/\/dgospel.com.br\/portal\/?p=15889"},"modified":"2023-05-25T11:10:57","modified_gmt":"2023-05-25T14:10:57","slug":"inflacao-comida-fica-mais-cara-no-governo-lula","status":"publish","type":"post","link":"https:\/\/dgospel.com.br\/portal\/index.php\/2023\/05\/25\/inflacao-comida-fica-mais-cara-no-governo-lula\/","title":{"rendered":"Infla\u00e7\u00e3o: comida fica mais cara no governo Lula"},"content":{"rendered":"\n<p>Os dados mais recentes do<strong>&nbsp;<a href=\"https:\/\/revistaoeste.com\/tag\/ibge\/\">Instituto Brasileiro de Geografia Estat\u00edstica (IBGE)<\/a><\/strong>&nbsp;registram infla\u00e7\u00e3o para alimentos e bebidas em 2023, mostrando o aumento do pre\u00e7o da comida durante o governo Lula.&nbsp;<strong><a href=\"https:\/\/sidra.ibge.gov.br\/tabela\/7062#resultado\">Os resultados<\/a><\/strong>&nbsp;aparecem no \u00cdndice Nacional de Pre\u00e7os ao Consumidor Amplo 15 (IPCA-15), publicado nesta quinta-feira, 25.<\/p>\n\n\n\n<p>A proje\u00e7\u00e3o da infla\u00e7\u00e3o \u2014 calculada com a coleta de pre\u00e7os entre 14 de abril e 15 de maio \u2014 mostra que comer ficou 1%, em compara\u00e7\u00e3o a 30 dias antes. \u00c9 o maior aumento mensal para o setor no IPCA-15 desde agosto de 2022. No acumulado de 2023, a alta est\u00e1 em pouco mais de 2%, de acordo com os dados do indicador. O per\u00edodo marca o in\u00edcio do governo Lula.<\/p>\n\n\n\n<p>Em setembro de 2022, o aumento no valor desses produtos havia dado espa\u00e7o para a queda. Assim, depois de quase tr\u00eas anos de pandemia e uma guerra envolvendo dois dos grandes produtores de gr\u00e3os do planeta (R\u00fassia e Ucr\u00e2nia), a varia\u00e7\u00e3o ficou negativa em -0,5%.<\/p>\n\n\n\n<p>Contudo, no m\u00eas seguinte (o mesmo da elei\u00e7\u00e3o), o indicador voltou a registrar alta nos pre\u00e7os m\u00e9dios do setor. A partir deste ponto, o ciclo de alta se mant\u00e9m ininterruptamente. Ou seja: os resultados do IPCA-15 do IBGE sobre a infla\u00e7\u00e3o dos alimentos mostram o encarecimento cont\u00ednuo do pre\u00e7o da comida em todos os meses do governo Lula.<\/p>\n","protected":false},"excerpt":{"rendered":"<p>Os dados mais recentes do&nbsp;Instituto Brasileiro de Geografia Estat\u00edstica (IBGE)&nbsp;registram infla\u00e7\u00e3o para alimentos e bebidas em 2023, mostrando o aumento do pre\u00e7o da comida durante o governo Lula.&nbsp;Os resultados&nbsp;aparecem no \u00cdndice Nacional de Pre\u00e7os ao Consumidor Amplo 15 (IPCA-15), publicado nesta quinta-feira, 25. A proje\u00e7\u00e3o da infla\u00e7\u00e3o \u2014 calculada com a coleta de pre\u00e7os entre [&hellip;]<\/p>\n","protected":false},"author":2,"featured_media":15890,"comment_status":"open","ping_status":"open","sticky":false,"template":"","format":"standard","meta":[],"categories":[4],"tags":[],"_links":{"self":[{"href":"https:\/\/dgospel.com.br\/portal\/index.php\/wp-json\/wp\/v2\/posts\/15889"}],"collection":[{"href":"https:\/\/dgospel.com.br\/portal\/index.php\/wp-json\/wp\/v2\/posts"}],"about":[{"href":"https:\/\/dgospel.com.br\/portal\/index.php\/wp-json\/wp\/v2\/types\/post"}],"author":[{"embeddable":true,"href":"https:\/\/dgospel.com.br\/portal\/index.php\/wp-json\/wp\/v2\/users\/2"}],"replies":[{"embeddable":true,"href":"https:\/\/dgospel.com.br\/portal\/index.php\/wp-json\/wp\/v2\/comments?post=15889"}],"version-history":[{"count":1,"href":"https:\/\/dgospel.com.br\/portal\/index.php\/wp-json\/wp\/v2\/posts\/15889\/revisions"}],"predecessor-version":[{"id":15891,"href":"https:\/\/dgospel.com.br\/portal\/index.php\/wp-json\/wp\/v2\/posts\/15889\/revisions\/15891"}],"wp:featuredmedia":[{"embeddable":true,"href":"https:\/\/dgospel.com.br\/portal\/index.php\/wp-json\/wp\/v2\/media\/15890"}],"wp:attachment":[{"href":"https:\/\/dgospel.com.br\/portal\/index.php\/wp-json\/wp\/v2\/media?parent=15889"}],"wp:term":[{"taxonomy":"category","embeddable":true,"href":"https:\/\/dgospel.com.br\/portal\/index.php\/wp-json\/wp\/v2\/categories?post=15889"},{"taxonomy":"post_tag","embeddable":true,"href":"https:\/\/dgospel.com.br\/portal\/index.php\/wp-json\/wp\/v2\/tags?post=15889"}],"curies":[{"name":"wp","href":"https:\/\/api.w.org\/{rel}","templated":true}]}}