{"id":1589,"date":"2018-10-16T08:59:23","date_gmt":"2018-10-16T11:59:23","guid":{"rendered":"http:\/\/dgospel.com.br\/portal\/?p=1589"},"modified":"2018-10-16T08:59:23","modified_gmt":"2018-10-16T11:59:23","slug":"apenas-36-dos-candidatos-com-titulos-religiosos-foram-eleitos-em-2018","status":"publish","type":"post","link":"https:\/\/dgospel.com.br\/portal\/index.php\/2018\/10\/16\/apenas-36-dos-candidatos-com-titulos-religiosos-foram-eleitos-em-2018\/","title":{"rendered":"Apenas 3,6% dos candidatos com t\u00edtulos religiosos foram eleitos em 2018"},"content":{"rendered":"<p>As elei\u00e7\u00f5es 2018 mostraram uma movimenta\u00e7\u00e3o do eleitorado em rela\u00e7\u00e3o aos candidatos que se valeram do t\u00edtulo eclesi\u00e1stico nas urnas, como forma de atrair votos: apenas 3,6% dos 666 postulantes que se apresentaram como pastor, bispo, padre, etc foram eleitos, o que totaliza 24 parlamentares.<\/p>\n<p>Como demonstra\u00e7\u00e3o de que a influ\u00eancia dos pastores sobre o voto dos fi\u00e9is \u00e9 baixa, o Partido Social Crist\u00e3o (PSC), foi a legenda com maior n\u00famero de religiosos entre seus candidatos, e n\u00e3o elegeu nenhum.<\/p>\n<p>Segundo informa\u00e7\u00f5es do\u00a0<a href=\"https:\/\/noticias.uol.com.br\/politica\/eleicoes\/2018\/noticias\/2018\/10\/10\/brasil-elege-menos-de-4-dos-candidatos-com-nomes-religiosos-ao-congresso.htm\" target=\"_blank\" rel=\"noopener\"><em>Uol<\/em><\/a>, o levantamento dos candidatos e eleitos foi feito levando em conta apenas os que se apresentaram \u00e0 Justi\u00e7a Eleitoral com a profiss\u00e3o de \u201csacerdote ou membro de ordem ou seita religiosa\u201d e quem usou nome com alcunhas religiosas, como \u201cpadre\u201d, \u201cpastor\u201d, \u201cap\u00f3stolo\u201d, entre outros.<\/p>\n<p>\u00c9 poss\u00edvel que muitos l\u00edderes religiosos tenha sido eleitos, mas como n\u00e3o usaram o t\u00edtulo na urna e apresentaram outra profiss\u00e3o (como por exemplo o pastor S\u00f3stenes Cavalcante (DEM-RJ), reeleito deputado federal), terminaram de fora da contagem.<\/p>\n<p>Dentre os eleitos, o que obteve maior destaque foi o pastor Sargento Isid\u00f3rio (Avante), primeiro lugar para a C\u00e2mara dos Deputados na Bahia com 323.264 votos. Por conta de suas declara\u00e7\u00f5es pol\u00eamicas, ele ficou apelidado na m\u00eddia como \u201cCabo Daciolo da Bahia\u201d.<\/p>\n<p>Outros pastores eleitos na Bahia foram Ab\u00edlio Santana (PHS), que conquistou vaga para a C\u00e2mara; e Pastor Tom (PATRI), que venceu a disputa pela Assembleia Legislativa.<\/p>\n<p>J\u00e1 em Pernambuco, dois l\u00edderes evang\u00e9licos foram eleitos para a C\u00e2mara: Pastor Eurico (PATRI) e Bispo Oss\u00e9sio (PRB), e um terceiro para a Assembleia Legislativa, Pastor Cleiton Collins (PP), segundo mais votado no estado, com 106.384 votos.<\/p>\n<p>Em S\u00e3o Paulo, estado com maior n\u00famero de candidatos religiosos (78), elegeu apenas um: o pastor Marco Feliciano (Podemos), que foi reeleito como o d\u00e9cimo mais votado para a C\u00e2mara dos Deputados, com 239.784 votos.<\/p>\n<p>Fonte:\u00a0gospelmais<\/p>\n","protected":false},"excerpt":{"rendered":"<p>As elei\u00e7\u00f5es 2018 mostraram uma movimenta\u00e7\u00e3o do eleitorado em rela\u00e7\u00e3o aos candidatos que se valeram do t\u00edtulo eclesi\u00e1stico nas urnas, como forma de atrair votos: apenas 3,6% dos 666 postulantes que se apresentaram como pastor, bispo, padre, etc foram eleitos, o que totaliza 24 parlamentares. Como demonstra\u00e7\u00e3o de que a influ\u00eancia dos pastores sobre o [&hellip;]<\/p>\n","protected":false},"author":2,"featured_media":1590,"comment_status":"open","ping_status":"open","sticky":false,"template":"","format":"standard","meta":[],"categories":[2,5,6],"tags":[],"_links":{"self":[{"href":"https:\/\/dgospel.com.br\/portal\/index.php\/wp-json\/wp\/v2\/posts\/1589"}],"collection":[{"href":"https:\/\/dgospel.com.br\/portal\/index.php\/wp-json\/wp\/v2\/posts"}],"about":[{"href":"https:\/\/dgospel.com.br\/portal\/index.php\/wp-json\/wp\/v2\/types\/post"}],"author":[{"embeddable":true,"href":"https:\/\/dgospel.com.br\/portal\/index.php\/wp-json\/wp\/v2\/users\/2"}],"replies":[{"embeddable":true,"href":"https:\/\/dgospel.com.br\/portal\/index.php\/wp-json\/wp\/v2\/comments?post=1589"}],"version-history":[{"count":1,"href":"https:\/\/dgospel.com.br\/portal\/index.php\/wp-json\/wp\/v2\/posts\/1589\/revisions"}],"predecessor-version":[{"id":1591,"href":"https:\/\/dgospel.com.br\/portal\/index.php\/wp-json\/wp\/v2\/posts\/1589\/revisions\/1591"}],"wp:featuredmedia":[{"embeddable":true,"href":"https:\/\/dgospel.com.br\/portal\/index.php\/wp-json\/wp\/v2\/media\/1590"}],"wp:attachment":[{"href":"https:\/\/dgospel.com.br\/portal\/index.php\/wp-json\/wp\/v2\/media?parent=1589"}],"wp:term":[{"taxonomy":"category","embeddable":true,"href":"https:\/\/dgospel.com.br\/portal\/index.php\/wp-json\/wp\/v2\/categories?post=1589"},{"taxonomy":"post_tag","embeddable":true,"href":"https:\/\/dgospel.com.br\/portal\/index.php\/wp-json\/wp\/v2\/tags?post=1589"}],"curies":[{"name":"wp","href":"https:\/\/api.w.org\/{rel}","templated":true}]}}