{"id":15895,"date":"2023-05-25T11:31:30","date_gmt":"2023-05-25T14:31:30","guid":{"rendered":"http:\/\/dgospel.com.br\/portal\/?p=15895"},"modified":"2023-05-25T11:31:31","modified_gmt":"2023-05-25T14:31:31","slug":"cpmi-dos-atos-arthur-maia-e-eleito-presidente-do-colegiado","status":"publish","type":"post","link":"https:\/\/dgospel.com.br\/portal\/index.php\/2023\/05\/25\/cpmi-dos-atos-arthur-maia-e-eleito-presidente-do-colegiado\/","title":{"rendered":"CPMI dos atos: Arthur Maia \u00e9 eleito presidente do colegiado"},"content":{"rendered":"\n<p>A c\u00fapula da Comiss\u00e3o Parlamentar Mista de Inqu\u00e9rito (CPMI) dos atos de 8 de janeiro foi definida na manh\u00e3 desta quinta-feira (25). Por aclama\u00e7\u00e3o, o deputado federal&nbsp;<a href=\"http:\/\/pleno.news\/tag\/arthur-maia\" target=\"_blank\" rel=\"noreferrer noopener\">Arthur Maia<\/a>&nbsp;(Uni\u00e3o Brasil-BA) foi escolhido como presidente do colegiado. A relatoria, cargo que tamb\u00e9m tem grande import\u00e2ncia no grupo, ser\u00e1 ocupado pela senadora&nbsp;<a href=\"http:\/\/pleno.news\/tag\/eliziane-gama\" target=\"_blank\" rel=\"noreferrer noopener\">Eliziane Gama<\/a>&nbsp;(PSD-MA).<\/p>\n\n\n\n<p>Al\u00e9m de Maia e Gama, tamb\u00e9m v\u00e3o ocupar cadeiras na mesa diretora da CPMI os senadores Cid Gomes (PDT-CE), eleito vice-presidente, e Magno Malta (PL-ES), escolhido segundo vice-presidente. A comiss\u00e3o contar\u00e1 com 16 deputados e 16 senadores titulares e ter\u00e1 180 dias para investigar os atos.<\/p>\n\n\n\n<p><strong>DISCUSS\u00c3O ANTES DA DEFINI\u00c7\u00c3O DA C\u00daPULA<br><\/strong>Antes da escolha dos nomes que ocupariam os cargos de dire\u00e7\u00e3o do colegiado, os senadores Eduardo Gir\u00e3o (Novo-CE), Marcos do Val (Podemos-ES) e Otto Alencar (PSD-BA) protagonizaram uma discuss\u00e3o. Gir\u00e3o reclamava que o governo estaria \u201cdominando\u201d a comiss\u00e3o, que foi proposta pela oposi\u00e7\u00e3o, quando foi interrompido por do Val, que gritava: \u201cEnt\u00e3o, n\u00e3o compactue com isso\u201d.<\/p>\n\n\n\n<p>O senador Otto Alencar (PSD-BA), que comandava a CPMI antes da escolha da mesa diretora por ser o senador mais velho entre os integrantes, repreendeu a interrup\u00e7\u00e3o. Em determinado momento, o parlamentar da Bahia chegou a dizer que a comiss\u00e3o \u201cn\u00e3o era uma delegacia de pol\u00edcia\u201d.<\/p>\n\n\n\n<p>\u2013 Vossa Excel\u00eancia est\u00e1 sendo anti\u00e9tico, interrompendo seu colega. Eu sei da sua proced\u00eancia da pol\u00edcia, mas aqui \u00e9 Senado, n\u00e3o \u00e9 delegacia de pol\u00edcia. Vossa Excel\u00eancia se mantenha calado. Aqui \u00e9 Senado Federal, se comporte como senador \u2013 disse Alencar.<\/p>\n","protected":false},"excerpt":{"rendered":"<p>A c\u00fapula da Comiss\u00e3o Parlamentar Mista de Inqu\u00e9rito (CPMI) dos atos de 8 de janeiro foi definida na manh\u00e3 desta quinta-feira (25). Por aclama\u00e7\u00e3o, o deputado federal&nbsp;Arthur Maia&nbsp;(Uni\u00e3o Brasil-BA) foi escolhido como presidente do colegiado. A relatoria, cargo que tamb\u00e9m tem grande import\u00e2ncia no grupo, ser\u00e1 ocupado pela senadora&nbsp;Eliziane Gama&nbsp;(PSD-MA). Al\u00e9m de Maia e Gama, [&hellip;]<\/p>\n","protected":false},"author":2,"featured_media":15896,"comment_status":"open","ping_status":"open","sticky":false,"template":"","format":"standard","meta":[],"categories":[8],"tags":[],"_links":{"self":[{"href":"https:\/\/dgospel.com.br\/portal\/index.php\/wp-json\/wp\/v2\/posts\/15895"}],"collection":[{"href":"https:\/\/dgospel.com.br\/portal\/index.php\/wp-json\/wp\/v2\/posts"}],"about":[{"href":"https:\/\/dgospel.com.br\/portal\/index.php\/wp-json\/wp\/v2\/types\/post"}],"author":[{"embeddable":true,"href":"https:\/\/dgospel.com.br\/portal\/index.php\/wp-json\/wp\/v2\/users\/2"}],"replies":[{"embeddable":true,"href":"https:\/\/dgospel.com.br\/portal\/index.php\/wp-json\/wp\/v2\/comments?post=15895"}],"version-history":[{"count":1,"href":"https:\/\/dgospel.com.br\/portal\/index.php\/wp-json\/wp\/v2\/posts\/15895\/revisions"}],"predecessor-version":[{"id":15897,"href":"https:\/\/dgospel.com.br\/portal\/index.php\/wp-json\/wp\/v2\/posts\/15895\/revisions\/15897"}],"wp:featuredmedia":[{"embeddable":true,"href":"https:\/\/dgospel.com.br\/portal\/index.php\/wp-json\/wp\/v2\/media\/15896"}],"wp:attachment":[{"href":"https:\/\/dgospel.com.br\/portal\/index.php\/wp-json\/wp\/v2\/media?parent=15895"}],"wp:term":[{"taxonomy":"category","embeddable":true,"href":"https:\/\/dgospel.com.br\/portal\/index.php\/wp-json\/wp\/v2\/categories?post=15895"},{"taxonomy":"post_tag","embeddable":true,"href":"https:\/\/dgospel.com.br\/portal\/index.php\/wp-json\/wp\/v2\/tags?post=15895"}],"curies":[{"name":"wp","href":"https:\/\/api.w.org\/{rel}","templated":true}]}}