{"id":15898,"date":"2023-05-25T11:45:09","date_gmt":"2023-05-25T14:45:09","guid":{"rendered":"http:\/\/dgospel.com.br\/portal\/?p=15898"},"modified":"2023-05-25T11:45:11","modified_gmt":"2023-05-25T14:45:11","slug":"wanderlei-barbosa-defende-participacao-dos-estados-na-reforma-tributaria-durante-forum-nacional-de-governadores","status":"publish","type":"post","link":"https:\/\/dgospel.com.br\/portal\/index.php\/2023\/05\/25\/wanderlei-barbosa-defende-participacao-dos-estados-na-reforma-tributaria-durante-forum-nacional-de-governadores\/","title":{"rendered":"Wanderlei Barbosa defende participa\u00e7\u00e3o dos estados na reforma tribut\u00e1ria, durante F\u00f3rum Nacional de Governadores"},"content":{"rendered":"\n<p>O governador Wanderlei Barbosa participou nesta quarta-feira, 24, do XIV F\u00f3rum Nacional de Governadores, realizado em Bras\u00edlia para tratar sobre a reforma tribut\u00e1ria e outros assuntos de interesse dos estados. A comitiva do Governo do Tocantins no evento foi formada pelo secret\u00e1rio chefe da Casa Civil, Deocleciano Gomes Filho; procurador-geral do Estado, Kledson de Moura Lima; secret\u00e1rio Extraordin\u00e1rio Representa\u00e7\u00e3o em Bras\u00edlia, Carlos Manzini; e secret\u00e1rio de Agricultura, Pecu\u00e1ria e Abastecimento, Jaime Caf\u00e9.&nbsp;<\/p>\n\n\n\n<p>Durante o evento, o governador Wanderlei Barbosa indicou que a reforma tribut\u00e1ria ser\u00e1 uma oportunidade para revisar pontos importantes necess\u00e1rios ao desenvolvimento do Tocantins. \u201cA reforma tribut\u00e1ria \u00e9 uma pauta complexa, que exige um amplo di\u00e1logo, pois um novo marco fiscal impacta a gest\u00e3o dos estados em praticamente todas as frentes. O Tocantins est\u00e1 comprometido em fazer parte da constru\u00e7\u00e3o de uma reforma que seja positiva para os nossos diferenciais econ\u00f4micos\u201d, afirmou.&nbsp;<\/p>\n\n\n\n<p>Segundo o secret\u00e1rio da Fazenda do Tocantins, J\u00falio Edstron, a participa\u00e7\u00e3o dos estados na constru\u00e7\u00e3o da reforma tribut\u00e1ria \u00e9 fundamental para que as mudan\u00e7as tenham impacto favor\u00e1vel principalmente na arrecada\u00e7\u00e3o estadual. &#8220;Em um pa\u00eds com dimens\u00f5es continentais como o Brasil, grandes reformas podem n\u00e3o atender de forma igualit\u00e1ria todas as unidades da federa\u00e7\u00e3o. Trazer esse tema para o F\u00f3rum Nacional de Governadores \u00e9 necess\u00e1rio para que haja uma reforma tribut\u00e1ria equ\u00e2nime, considerando os fatores de desenvolvimento dos estados e, no caso do Tocantins, os diferenciais econ\u00f4micos da regi\u00e3o Norte do pa\u00eds\u201d, pontuou.&nbsp;<\/p>\n\n\n\n<p>De acordo com o secret\u00e1rio Extraordin\u00e1rio de Representa\u00e7\u00e3o em Bras\u00edlia, Carlos Manzini, nesse processo, a constru\u00e7\u00e3o de di\u00e1logo com a bancada federal do Tocantins ser\u00e1 fundamental para a defesa dos interesses do Estado nas mudan\u00e7as. &#8220;A reforma tribut\u00e1ria entrou em uma fase avan\u00e7ada de articula\u00e7\u00f5es entre os entes federativos, o Poder Executivo e o Poder Legislativo. Segundo as diretrizes do governador Wanderlei Barbosa, vamos ampliar o trabalho junto a bancada federal do Tocantins, apresentando os pontos para os quais precisamos da defesa da bancada\u201d, complementou.&nbsp;<\/p>\n\n\n\n<p><strong>Reforma Tribut\u00e1ria<\/strong><\/p>\n\n\n\n<p>Na abertura do F\u00f3rum Nacional dos Governadores, o presidente do Senado, Rodrigo Pacheco, apresentou um panorama das propostas da reforma tribut\u00e1ria que, atualmente, s\u00e3o prioridades dos poderes executivo e legislativo. No momento, est\u00e3o em tramita\u00e7\u00e3o no Congresso Nacional duas Propostas de Emenda \u00e0 Constitui\u00e7\u00e3o (PEC) que tratam sobre o tema, a PEC 45\/2019, que tramita na C\u00e2mara dos Deputados, e a PEC 110\/2019, no Senado Federal.<\/p>\n\n\n\n<p><img src=\"https:\/\/central.to.gov.br\/image\/331333?w=670&amp;h=383\"><\/p>\n\n\n\n<p>Durante o evento, o governador Wanderlei Barbosa indicou que a reforma tribut\u00e1ria ser\u00e1 uma oportunidade para revisar pontos importantes necess\u00e1rios ao desenvolvimento do Tocantins &#8211; Vin\u00edcius Santa Rosa\/Governo do Tocantins\u00a0<\/p>\n\n\n\n<p><img src=\"https:\/\/central.to.gov.br\/image\/331334?w=670&amp;h=383\"><\/p>\n\n\n\n<p>Reforma Tribut\u00e1ria foi a principal pauta debatida pelos Governadores no F\u00f3rum &#8211; Vin\u00edcius Santa Rosa\/Governo do Tocantins<\/p>\n","protected":false},"excerpt":{"rendered":"<p>O governador Wanderlei Barbosa participou nesta quarta-feira, 24, do XIV F\u00f3rum Nacional de Governadores, realizado em Bras\u00edlia para tratar sobre a reforma tribut\u00e1ria e outros assuntos de interesse dos estados. A comitiva do Governo do Tocantins no evento foi formada pelo secret\u00e1rio chefe da Casa Civil, Deocleciano Gomes Filho; procurador-geral do Estado, Kledson de Moura [&hellip;]<\/p>\n","protected":false},"author":2,"featured_media":15899,"comment_status":"open","ping_status":"open","sticky":false,"template":"","format":"standard","meta":[],"categories":[3],"tags":[13],"_links":{"self":[{"href":"https:\/\/dgospel.com.br\/portal\/index.php\/wp-json\/wp\/v2\/posts\/15898"}],"collection":[{"href":"https:\/\/dgospel.com.br\/portal\/index.php\/wp-json\/wp\/v2\/posts"}],"about":[{"href":"https:\/\/dgospel.com.br\/portal\/index.php\/wp-json\/wp\/v2\/types\/post"}],"author":[{"embeddable":true,"href":"https:\/\/dgospel.com.br\/portal\/index.php\/wp-json\/wp\/v2\/users\/2"}],"replies":[{"embeddable":true,"href":"https:\/\/dgospel.com.br\/portal\/index.php\/wp-json\/wp\/v2\/comments?post=15898"}],"version-history":[{"count":1,"href":"https:\/\/dgospel.com.br\/portal\/index.php\/wp-json\/wp\/v2\/posts\/15898\/revisions"}],"predecessor-version":[{"id":15900,"href":"https:\/\/dgospel.com.br\/portal\/index.php\/wp-json\/wp\/v2\/posts\/15898\/revisions\/15900"}],"wp:featuredmedia":[{"embeddable":true,"href":"https:\/\/dgospel.com.br\/portal\/index.php\/wp-json\/wp\/v2\/media\/15899"}],"wp:attachment":[{"href":"https:\/\/dgospel.com.br\/portal\/index.php\/wp-json\/wp\/v2\/media?parent=15898"}],"wp:term":[{"taxonomy":"category","embeddable":true,"href":"https:\/\/dgospel.com.br\/portal\/index.php\/wp-json\/wp\/v2\/categories?post=15898"},{"taxonomy":"post_tag","embeddable":true,"href":"https:\/\/dgospel.com.br\/portal\/index.php\/wp-json\/wp\/v2\/tags?post=15898"}],"curies":[{"name":"wp","href":"https:\/\/api.w.org\/{rel}","templated":true}]}}