{"id":159,"date":"2018-05-15T16:08:57","date_gmt":"2018-05-15T19:08:57","guid":{"rendered":"http:\/\/dgospel.com.br\/portal\/?p=159"},"modified":"2018-05-15T16:09:12","modified_gmt":"2018-05-15T19:09:12","slug":"mauro-carlesse-defende-responsabilidade-com-dinheiro-do-povo","status":"publish","type":"post","link":"https:\/\/dgospel.com.br\/portal\/index.php\/2018\/05\/15\/mauro-carlesse-defende-responsabilidade-com-dinheiro-do-povo\/","title":{"rendered":"Mauro Carlesse defende responsabilidade com dinheiro do povo"},"content":{"rendered":"<p style=\"font-weight: 400;\">O governador interino e candidato ao Governo do Estado, Mauro Carlesse, da coliga\u00e7\u00e3o\u00a0<strong><em>Governo de Atitude<\/em><\/strong>, atribuiu o descr\u00e9dito da classe pol\u00edtica \u00e0 falta de responsabilidade com o dinheiro p\u00fablico. \u201cA pol\u00edtica, apesar de criticada, \u00e9 muito importante. Mas os pol\u00edticos precisam ter mais responsabilidade com o dinheiro sofrido do povo\u201d. A declara\u00e7\u00e3o \u00e9 parte do discurso no com\u00edcio realizado na noite desta segunda-feira, em Aragua\u00edna, que reuniu milhares de pessoas.<\/p>\n<p style=\"font-weight: 400;\">Ao reafirmar seu compromisso com a diminui\u00e7\u00e3o dos gastos do Estado, sem aumentar impostos, Carlesse lembrou que os recursos arrecadados pelo Estado devem ter como \u00fanico fim o incentivo ao desenvolvimento socioecon\u00f4mico, por meio de investimentos em \u00e1reas fundamentais para a popula\u00e7\u00e3o. \u201cO dinheiro \u00e9 do povo e por isso precisa retornar para o povo, em forma de sa\u00fade, educa\u00e7\u00e3o, seguran\u00e7a p\u00fablica, porque afinal \u00e9 o povo, sobretudo o mais humilde, que paga por isso\u201d.<\/p>\n<p style=\"font-weight: 400;\">Nesse sentido, o candidato n\u00e3o poupou elogios ao prefeito de Aragua\u00edna, Ronaldo Dimas, considerado por Carlesse exemplo de responsabilidade com o dinheiro do povo. \u201c\u00c9 por isso que Aragua\u00edna est\u00e1 conseguindo se desenvolver. Tem estabilidade e comprometimento com a popula\u00e7\u00e3o. Ao lado desses l\u00edderes, vamos alcan\u00e7ar a mesma coisa para o estado\u201d.<\/p>\n<p style=\"font-weight: 400;\">Aliados<\/p>\n<p style=\"font-weight: 400;\">Os aliados do governador tamb\u00e9m defenderam a bandeira do equil\u00edbrio e da estabilidade pol\u00edtico-jur\u00eddica para o Estado voltar a crescer. &#8220;O Tocantins n\u00e3o pode mais correr riscos. Vamos eleger Carlesse. Ele \u00e9 a seguran\u00e7a que o Estado precisa nesse momento de instabilidade&#8221;, disse o deputado federal Cesar Halum, resumindo o sentimento de todos que querem um Tocantins melhor.<\/p>\n<p style=\"font-weight: 400;\">Tamb\u00e9m participaram da reuni\u00e3o o deputado federal L\u00e1zaro Botelho; os deputados estaduais Luana Ribeiro, Valderez Castelo Branco, Olyntho Neto, Eduardo do Dertins, Eli Borges e Wanderlei Barbosa, candidato a vice-governador; os prefeitos Adriano Rabelo, de Colinas;\u00a0\u00a0Aleno Costa, de Baba\u00e7ul\u00e2ndia; Z\u00e9 Mario, de Bandeirantes; Deusdete Barros, o Nego d&#8217;agua, de Angico; Eliete, de Aragominas; Paulo Macedo, de\u00a0\u00a0Cachoeirinha, Paulo Antonio, de Alvorada, entre outras lideran\u00e7as pol\u00edticas da cidade e regi\u00e3o.<\/p>\n<p style=\"font-weight: 400;\">Coliga\u00e7\u00e3o Governo de Atitude<\/p>\n","protected":false},"excerpt":{"rendered":"<p>O governador interino e candidato ao Governo do Estado, Mauro Carlesse, da coliga\u00e7\u00e3o\u00a0Governo de Atitude, atribuiu o descr\u00e9dito da classe pol\u00edtica \u00e0 falta de responsabilidade com o dinheiro p\u00fablico. \u201cA pol\u00edtica, apesar de criticada, \u00e9 muito importante. Mas os pol\u00edticos precisam ter mais responsabilidade com o dinheiro sofrido do povo\u201d. A declara\u00e7\u00e3o \u00e9 parte do [&hellip;]<\/p>\n","protected":false},"author":2,"featured_media":160,"comment_status":"open","ping_status":"open","sticky":false,"template":"","format":"standard","meta":[],"categories":[2,4],"tags":[],"_links":{"self":[{"href":"https:\/\/dgospel.com.br\/portal\/index.php\/wp-json\/wp\/v2\/posts\/159"}],"collection":[{"href":"https:\/\/dgospel.com.br\/portal\/index.php\/wp-json\/wp\/v2\/posts"}],"about":[{"href":"https:\/\/dgospel.com.br\/portal\/index.php\/wp-json\/wp\/v2\/types\/post"}],"author":[{"embeddable":true,"href":"https:\/\/dgospel.com.br\/portal\/index.php\/wp-json\/wp\/v2\/users\/2"}],"replies":[{"embeddable":true,"href":"https:\/\/dgospel.com.br\/portal\/index.php\/wp-json\/wp\/v2\/comments?post=159"}],"version-history":[{"count":2,"href":"https:\/\/dgospel.com.br\/portal\/index.php\/wp-json\/wp\/v2\/posts\/159\/revisions"}],"predecessor-version":[{"id":162,"href":"https:\/\/dgospel.com.br\/portal\/index.php\/wp-json\/wp\/v2\/posts\/159\/revisions\/162"}],"wp:featuredmedia":[{"embeddable":true,"href":"https:\/\/dgospel.com.br\/portal\/index.php\/wp-json\/wp\/v2\/media\/160"}],"wp:attachment":[{"href":"https:\/\/dgospel.com.br\/portal\/index.php\/wp-json\/wp\/v2\/media?parent=159"}],"wp:term":[{"taxonomy":"category","embeddable":true,"href":"https:\/\/dgospel.com.br\/portal\/index.php\/wp-json\/wp\/v2\/categories?post=159"},{"taxonomy":"post_tag","embeddable":true,"href":"https:\/\/dgospel.com.br\/portal\/index.php\/wp-json\/wp\/v2\/tags?post=159"}],"curies":[{"name":"wp","href":"https:\/\/api.w.org\/{rel}","templated":true}]}}