{"id":15919,"date":"2023-05-26T12:09:29","date_gmt":"2023-05-26T15:09:29","guid":{"rendered":"http:\/\/dgospel.com.br\/portal\/?p=15919"},"modified":"2023-05-26T12:14:00","modified_gmt":"2023-05-26T15:14:00","slug":"pastor-francisco-ribeiro-novaes-e-homenageado-em-sessao-solene-na-assembleia-legislativa","status":"publish","type":"post","link":"https:\/\/dgospel.com.br\/portal\/index.php\/2023\/05\/26\/pastor-francisco-ribeiro-novaes-e-homenageado-em-sessao-solene-na-assembleia-legislativa\/","title":{"rendered":"Pastor Francisco Ribeiro Novaes \u00e9 homenageado em Sess\u00e3o Solene na Assembleia Legislativa"},"content":{"rendered":"\n<p>Foi realizada nesta quinta-feira, 25, no Plen\u00e1rio da Assembleia Legislativa uma Sess\u00e3o Solene em homenagem aos 34 anos da Capital Palmas. A Sess\u00e3o foi presidida pelo deputado Professor J\u00fanior Geo (PSC), autor do requerimento, e reuniu secret\u00e1rios municipais e estaduais, vereadores, representantes de entidades, lideran\u00e7as pol\u00edticas e religiosas, estudantes e a sociedade em geral.<\/p>\n\n\n\n<p>Na oportunidade, o pastor Francisco Ribeiro Novaes, que \u00e9 um dos pioneiros da capital tocantinense, foi homenageado pelos relevantes servi\u00e7os prestados \u00e0 comunidade palmense.<\/p>\n\n\n\n<p><\/p>\n\n\n\n<figure class=\"wp-block-image size-large\"><img loading=\"lazy\" width=\"1024\" height=\"655\" src=\"http:\/\/dgospel.com.br\/portal\/wp-content\/uploads\/2023\/05\/0-12-1024x655.jpg\" alt=\"\" class=\"wp-image-15921\" srcset=\"https:\/\/dgospel.com.br\/portal\/wp-content\/uploads\/2023\/05\/0-12-1024x655.jpg 1024w, https:\/\/dgospel.com.br\/portal\/wp-content\/uploads\/2023\/05\/0-12-300x192.jpg 300w, https:\/\/dgospel.com.br\/portal\/wp-content\/uploads\/2023\/05\/0-12-768x491.jpg 768w, https:\/\/dgospel.com.br\/portal\/wp-content\/uploads\/2023\/05\/0-12-120x78.jpg 120w, https:\/\/dgospel.com.br\/portal\/wp-content\/uploads\/2023\/05\/0-12.jpg 1130w\" sizes=\"(max-width: 1024px) 100vw, 1024px\" \/><\/figure>\n\n\n\n<p>Al\u00e9m do pastor Francisco Ribeiro Novaes, tamb\u00e9m foram homenageados o presidente da Fieto, Roberto Pires, o secret\u00e1rio municipal Hiram Melchiades, o pastor Francisco Novaes, a madre Maria Let\u00edcia Oliveira, e os empres\u00e1rios Oneildo Valadares, Maria de F\u00e1tima de Jesus, Jos\u00e9 de Paula da Silva e Sauer Favilla. As indica\u00e7\u00f5es foram dos deputados Luciano Oliveira, Eduardo Mantoan e Junior Geo.<\/p>\n\n\n\n<p>Tamb\u00e9m receberam homenagens os primeiros cidad\u00e3os nascidos em Palmas: Amanda Cristina Oliveira e Palm\u00e9ryo Campos. Fenelon Barbosa, primeiro prefeito de Palmas, que no ato solene foi representado pela sua filha, a secret\u00e1ria de Estado Berenice Barbosa, tamb\u00e9m foi homenageado.<\/p>\n\n\n\n<p>O autor do requerimento, deputado J\u00fanior Geo destacou que Palmas \u00e9 geradora de oportunidades para todos que buscam forma\u00e7\u00e3o acad\u00eamica, crescimento intelectual e profissional. Para Geo, o Parlamento tamb\u00e9m tem ajudado em projetos nesse sentido, na prepara\u00e7\u00e3o de estudantes para vestibular, concursos p\u00fablicos e cursos profissionalizantes, por meio da Escola do Legislativo e na cobran\u00e7a por mais vagas em concursos p\u00fablicos.&nbsp;<\/p>\n\n\n\n<p><strong>&nbsp;Biografia:<\/strong><\/p>\n\n\n\n<p>Francisco Ribeiro Novaes \u00e9&nbsp;<strong>Pastor<\/strong>, Bacharel em Teologia e Terapeuta Naturalista. Natural de Marac\u00e1s (BA), percorreu v\u00e1rios estados brasileiros, at\u00e9 estabelecer-se no antigo Norte Goiano (hoje estado do Tocantins), onde consolidou uma das mais prof\u00edcuas carreiras como l\u00edder crist\u00e3o protestante.<\/p>\n\n\n\n<p>Pastor Novaes, como \u00e9 conhecido, \u00e9 um pioneiro na capital Palmas, onde implantou a Igreja Assembleia de Deus CIADSETA, na regi\u00e3o sul da capital, tornando-se um dos mais conhecidos e admirados l\u00edderes evang\u00e9licos do Tocantins.<\/p>\n\n\n\n<p>Depois de pastorar v\u00e1rios campos, em 03 de janeiro de 1991, veio para Palmas, para fundar e presidir a Igreja Assembleia de Deus CIADSETA na regi\u00e3o sul da capital, que permaneceu na lideran\u00e7a da Igreja,&nbsp;at\u00e9 sua jubila\u00e7\u00e3o em 20 de dezembro de 2010.<\/p>\n\n\n\n<p><strong>Pastor Novaes, f<\/strong>ez parte da Comitiva de l\u00edderes do Norte Goiano que esteve em Bras\u00edlia-DF, por ocasi\u00e3o da promulga\u00e7\u00e3o da Constitui\u00e7\u00e3o Federal em 05 de outubro de 1988, quando foi criado o Estado do Tocantins. Na divis\u00e3o do Estado do Tocantins, fez parte da Comiss\u00e3o Pr\u00f3-funda\u00e7\u00e3o da Capital \u2013 Palmas. Integrou o grupo de lideran\u00e7as sob o comando do ent\u00e3o Prefeito de Porto Nacional, Vicentinho Alves, os quais foram at\u00e9 Bras\u00edlia para defender a funda\u00e7\u00e3o da capital no ent\u00e3o Distrito do Canela, onde hoje est\u00e1 edificada a nossa capital.<\/p>\n\n\n\n<p>No dia 20 de maio de 1989, quando o governador Jos\u00e9 Wilson Siqueira Campos dirigiu o evento de lan\u00e7amento da pedra fundamental de cria\u00e7\u00e3o de Palmas, o Pastor Francisco Novaes juntamente com o Pastor Sebasti\u00e3o Andrade (Presidente do CIADSETA), teve participa\u00e7\u00e3o efetiva no culto ecum\u00eanico, dirigindo um fervoroso clamor a Deus pela cria\u00e7\u00e3o da mais nova capital do Brasil.<\/p>\n\n\n\n<p>Pastor Novaes, hoje jubilado, mas \u00e9 um l\u00edder ativo, uma refer\u00eancia para muitos pastores e l\u00edderes. Ele utiliza sua sabedoria e bagagem pastoral para orientar e admoestar grande n\u00famero de ministros, obreiros e irm\u00e3os que recorrem aos seus conselhos e ensinamentos.<\/p>\n","protected":false},"excerpt":{"rendered":"<p>Foi realizada nesta quinta-feira, 25, no Plen\u00e1rio da Assembleia Legislativa uma Sess\u00e3o Solene em homenagem aos 34 anos da Capital Palmas. A Sess\u00e3o foi presidida pelo deputado Professor J\u00fanior Geo (PSC), autor do requerimento, e reuniu secret\u00e1rios municipais e estaduais, vereadores, representantes de entidades, lideran\u00e7as pol\u00edticas e religiosas, estudantes e a sociedade em geral. Na [&hellip;]<\/p>\n","protected":false},"author":2,"featured_media":15923,"comment_status":"open","ping_status":"open","sticky":false,"template":"","format":"standard","meta":[],"categories":[8,5],"tags":[],"_links":{"self":[{"href":"https:\/\/dgospel.com.br\/portal\/index.php\/wp-json\/wp\/v2\/posts\/15919"}],"collection":[{"href":"https:\/\/dgospel.com.br\/portal\/index.php\/wp-json\/wp\/v2\/posts"}],"about":[{"href":"https:\/\/dgospel.com.br\/portal\/index.php\/wp-json\/wp\/v2\/types\/post"}],"author":[{"embeddable":true,"href":"https:\/\/dgospel.com.br\/portal\/index.php\/wp-json\/wp\/v2\/users\/2"}],"replies":[{"embeddable":true,"href":"https:\/\/dgospel.com.br\/portal\/index.php\/wp-json\/wp\/v2\/comments?post=15919"}],"version-history":[{"count":1,"href":"https:\/\/dgospel.com.br\/portal\/index.php\/wp-json\/wp\/v2\/posts\/15919\/revisions"}],"predecessor-version":[{"id":15922,"href":"https:\/\/dgospel.com.br\/portal\/index.php\/wp-json\/wp\/v2\/posts\/15919\/revisions\/15922"}],"wp:featuredmedia":[{"embeddable":true,"href":"https:\/\/dgospel.com.br\/portal\/index.php\/wp-json\/wp\/v2\/media\/15923"}],"wp:attachment":[{"href":"https:\/\/dgospel.com.br\/portal\/index.php\/wp-json\/wp\/v2\/media?parent=15919"}],"wp:term":[{"taxonomy":"category","embeddable":true,"href":"https:\/\/dgospel.com.br\/portal\/index.php\/wp-json\/wp\/v2\/categories?post=15919"},{"taxonomy":"post_tag","embeddable":true,"href":"https:\/\/dgospel.com.br\/portal\/index.php\/wp-json\/wp\/v2\/tags?post=15919"}],"curies":[{"name":"wp","href":"https:\/\/api.w.org\/{rel}","templated":true}]}}