{"id":15924,"date":"2023-05-27T09:42:14","date_gmt":"2023-05-27T12:42:14","guid":{"rendered":"http:\/\/dgospel.com.br\/portal\/?p=15924"},"modified":"2023-05-27T09:48:18","modified_gmt":"2023-05-27T12:48:18","slug":"gipao-participa-de-consulta-publica-do-ppa-2024-2027-em-araguaina","status":"publish","type":"post","link":"https:\/\/dgospel.com.br\/portal\/index.php\/2023\/05\/27\/gipao-participa-de-consulta-publica-do-ppa-2024-2027-em-araguaina\/","title":{"rendered":"Gip\u00e3o participa de Consulta P\u00fablica do PPA 2024\/2027 em Aragua\u00edna"},"content":{"rendered":"\n<p>O deputado estadual Aldair Costa (Gip\u00e3o) participou. nesta sexta-feira, 26, acompanhado do governador Wanderlei Barbosa, do lan\u00e7amento do Plano Plurianual (PPA) 2024\/2027, principal instrumento de planejamento or\u00e7ament\u00e1rio de m\u00e9dio prazo do Governo Estadual, que define as diretrizes, os objetivos e as metas da administra\u00e7\u00e3o p\u00fablica estadual, que v\u00e3o nortear aa elabora\u00e7\u00e3o da Lei de Diretrizes Or\u00e7ament\u00e1rias (LDO) e da Lei Or\u00e7ament\u00e1ria Anual (LOA).<\/p>\n\n\n\n<p>No evento, que aconteceu em Aragua\u00edna, na Escola de Tempo Integral Domingos da Cruz Machado e reuniu cerca de mil pessoas, Gip\u00e3o ressaltou a import\u00e2ncia da participa\u00e7\u00e3o popular na tomada de decis\u00e3o or\u00e7ament\u00e1ria.<\/p>\n\n\n\n<p>\u201c\u00c9 um momento importante, pois trata-se de um alinhamento do executivo estadual com as demandas da popula\u00e7\u00e3o, formada por trabalhadores e empres\u00e1rios das cidades, do campo, da ind\u00fastria, do com\u00e9rcio e servi\u00e7os. Hoje, s\u00e3o eles que est\u00e3o indicando ao governo suas prioridades para o or\u00e7amento, ou seja, onde ser\u00e3o investidos os recursos da Uni\u00e3o. Essas propostas coletadas ir\u00e3o compor um documento e se transformar\u00e3o em leis que beneficiar\u00e3o nossa popula\u00e7\u00e3o tocantinense. Momentos como este n\u00e3o tem pre\u00e7o\u201d, declarou o parlamentar.<\/p>\n\n\n\n<p>Com o tema: \u201cOuvir para Cuidar\u201d, esta foi a edi\u00e7\u00e3o regional norte. Ap\u00f3s as plen\u00e1rias, o PPA ser\u00e1 enviado pelo governo \u00e0 Assembleia Legislativa.<\/p>\n","protected":false},"excerpt":{"rendered":"<p>O deputado estadual Aldair Costa (Gip\u00e3o) participou. nesta sexta-feira, 26, acompanhado do governador Wanderlei Barbosa, do lan\u00e7amento do Plano Plurianual (PPA) 2024\/2027, principal instrumento de planejamento or\u00e7ament\u00e1rio de m\u00e9dio prazo do Governo Estadual, que define as diretrizes, os objetivos e as metas da administra\u00e7\u00e3o p\u00fablica estadual, que v\u00e3o nortear aa elabora\u00e7\u00e3o da Lei de Diretrizes [&hellip;]<\/p>\n","protected":false},"author":2,"featured_media":15927,"comment_status":"open","ping_status":"open","sticky":false,"template":"","format":"standard","meta":[],"categories":[8],"tags":[],"_links":{"self":[{"href":"https:\/\/dgospel.com.br\/portal\/index.php\/wp-json\/wp\/v2\/posts\/15924"}],"collection":[{"href":"https:\/\/dgospel.com.br\/portal\/index.php\/wp-json\/wp\/v2\/posts"}],"about":[{"href":"https:\/\/dgospel.com.br\/portal\/index.php\/wp-json\/wp\/v2\/types\/post"}],"author":[{"embeddable":true,"href":"https:\/\/dgospel.com.br\/portal\/index.php\/wp-json\/wp\/v2\/users\/2"}],"replies":[{"embeddable":true,"href":"https:\/\/dgospel.com.br\/portal\/index.php\/wp-json\/wp\/v2\/comments?post=15924"}],"version-history":[{"count":1,"href":"https:\/\/dgospel.com.br\/portal\/index.php\/wp-json\/wp\/v2\/posts\/15924\/revisions"}],"predecessor-version":[{"id":15926,"href":"https:\/\/dgospel.com.br\/portal\/index.php\/wp-json\/wp\/v2\/posts\/15924\/revisions\/15926"}],"wp:featuredmedia":[{"embeddable":true,"href":"https:\/\/dgospel.com.br\/portal\/index.php\/wp-json\/wp\/v2\/media\/15927"}],"wp:attachment":[{"href":"https:\/\/dgospel.com.br\/portal\/index.php\/wp-json\/wp\/v2\/media?parent=15924"}],"wp:term":[{"taxonomy":"category","embeddable":true,"href":"https:\/\/dgospel.com.br\/portal\/index.php\/wp-json\/wp\/v2\/categories?post=15924"},{"taxonomy":"post_tag","embeddable":true,"href":"https:\/\/dgospel.com.br\/portal\/index.php\/wp-json\/wp\/v2\/tags?post=15924"}],"curies":[{"name":"wp","href":"https:\/\/api.w.org\/{rel}","templated":true}]}}