{"id":15931,"date":"2023-05-29T22:45:09","date_gmt":"2023-05-30T01:45:09","guid":{"rendered":"http:\/\/dgospel.com.br\/portal\/?p=15931"},"modified":"2023-05-29T22:45:12","modified_gmt":"2023-05-30T01:45:12","slug":"tse-proibiu-dizer-mas-lula-assumiu-somos-amigos-da-venezuela","status":"publish","type":"post","link":"https:\/\/dgospel.com.br\/portal\/index.php\/2023\/05\/29\/tse-proibiu-dizer-mas-lula-assumiu-somos-amigos-da-venezuela\/","title":{"rendered":"TSE proibiu dizer, mas Lula assumiu: \u201cSomos amigos da Venezuela\u201d"},"content":{"rendered":"\n<p>Durante a campanha eleitoral de 2022, o Tribunal Superior Eleitoral (TSE) impediu candidatos de usarem a rela\u00e7\u00e3o de proximidade entre o ent\u00e3o candidato Luiz In\u00e1cio Lula da Silva (PT) com o ditador da Venezuela Nicol\u00e1s Maduro.<\/p>\n\n\n\n<p>Mas ao receber o l\u00edder venezuelano no Brasil, Lula fez quest\u00e3o de citar a proximidade que manteve com seu antecessor, Hugo Ch\u00e1vez, e com o pr\u00f3prio Maduro.<\/p>\n\n\n\n<p>O Partido Liberal (PL), de Jair Bolsonaro, foi condenado a retirar as propagandas que citavam os la\u00e7os pol\u00edticos entre Lula, Maduro e o ditador da Nicar\u00e1gua, Daniel Ortega.<\/p>\n\n\n\n<p>A decis\u00e3o foi assinada pelo ministro Paulo de Tarso Sanseverino em 21 de outubro do ano passado, durante a campanha de segundo turno. Na ocasi\u00e3o, o ministro afirmou que o conte\u00fado da propaganda era il\u00edcito.<\/p>\n\n\n\n<p>Mas em seu discurso nesta segunda-feira (29), Lula celebrou a visita de seu amigo de longa data e criticou os discursos contra a Venezuela feitos durante a campanha eleitoral, assumindo que \u00e9 amigo do ditador.<\/p>\n\n\n\n<p>\u2013 O preconceito contra a Venezuela \u00e9 muito grande. Quantas cr\u00edticas a gente sofreu aqui durante a campanha por ser amigo da Venezuela. Havia discursos e mais discursos, os advers\u00e1rios diziam: \u201cSe o Lula ganhar as elei\u00e7\u00f5es, o Brasil vai virar uma Venezuela, uma Argentina, uma Cuba\u201d. Quando nosso sonho era que o Brasil fosse o Brasil mesmo, melhor \u2013 disse Lula.<\/p>\n\n\n\n<p><strong>ASSISTA:<\/strong><\/p>\n\n\n\n<figure class=\"wp-block-embed is-type-video is-provider-youtube wp-block-embed-youtube wp-embed-aspect-4-3 wp-has-aspect-ratio\"><div class=\"wp-block-embed__wrapper\">\n<iframe loading=\"lazy\" title=\"Lula e Maduro assinam atos para retomar rela\u00e7\u00e3o entre Brasil e Venezuela. Acompanhe!\" width=\"630\" height=\"473\" src=\"https:\/\/www.youtube.com\/embed\/3A3lhaIo0dU?start=105&#038;feature=oembed\" frameborder=\"0\" allow=\"accelerometer; autoplay; clipboard-write; encrypted-media; gyroscope; picture-in-picture; web-share\" allowfullscreen><\/iframe>\n<\/div><\/figure>\n","protected":false},"excerpt":{"rendered":"<p>Durante a campanha eleitoral de 2022, o Tribunal Superior Eleitoral (TSE) impediu candidatos de usarem a rela\u00e7\u00e3o de proximidade entre o ent\u00e3o candidato Luiz In\u00e1cio Lula da Silva (PT) com o ditador da Venezuela Nicol\u00e1s Maduro. Mas ao receber o l\u00edder venezuelano no Brasil, Lula fez quest\u00e3o de citar a proximidade que manteve com seu [&hellip;]<\/p>\n","protected":false},"author":2,"featured_media":15932,"comment_status":"open","ping_status":"open","sticky":false,"template":"","format":"standard","meta":[],"categories":[4],"tags":[],"_links":{"self":[{"href":"https:\/\/dgospel.com.br\/portal\/index.php\/wp-json\/wp\/v2\/posts\/15931"}],"collection":[{"href":"https:\/\/dgospel.com.br\/portal\/index.php\/wp-json\/wp\/v2\/posts"}],"about":[{"href":"https:\/\/dgospel.com.br\/portal\/index.php\/wp-json\/wp\/v2\/types\/post"}],"author":[{"embeddable":true,"href":"https:\/\/dgospel.com.br\/portal\/index.php\/wp-json\/wp\/v2\/users\/2"}],"replies":[{"embeddable":true,"href":"https:\/\/dgospel.com.br\/portal\/index.php\/wp-json\/wp\/v2\/comments?post=15931"}],"version-history":[{"count":1,"href":"https:\/\/dgospel.com.br\/portal\/index.php\/wp-json\/wp\/v2\/posts\/15931\/revisions"}],"predecessor-version":[{"id":15933,"href":"https:\/\/dgospel.com.br\/portal\/index.php\/wp-json\/wp\/v2\/posts\/15931\/revisions\/15933"}],"wp:featuredmedia":[{"embeddable":true,"href":"https:\/\/dgospel.com.br\/portal\/index.php\/wp-json\/wp\/v2\/media\/15932"}],"wp:attachment":[{"href":"https:\/\/dgospel.com.br\/portal\/index.php\/wp-json\/wp\/v2\/media?parent=15931"}],"wp:term":[{"taxonomy":"category","embeddable":true,"href":"https:\/\/dgospel.com.br\/portal\/index.php\/wp-json\/wp\/v2\/categories?post=15931"},{"taxonomy":"post_tag","embeddable":true,"href":"https:\/\/dgospel.com.br\/portal\/index.php\/wp-json\/wp\/v2\/tags?post=15931"}],"curies":[{"name":"wp","href":"https:\/\/api.w.org\/{rel}","templated":true}]}}