{"id":15934,"date":"2023-05-29T22:52:08","date_gmt":"2023-05-30T01:52:08","guid":{"rendered":"http:\/\/dgospel.com.br\/portal\/?p=15934"},"modified":"2023-05-29T22:52:09","modified_gmt":"2023-05-30T01:52:09","slug":"feliciano-reage-a-conselheiro-de-lula-que-ofendeu-evangelicos","status":"publish","type":"post","link":"https:\/\/dgospel.com.br\/portal\/index.php\/2023\/05\/29\/feliciano-reage-a-conselheiro-de-lula-que-ofendeu-evangelicos\/","title":{"rendered":"Feliciano reage a conselheiro de Lula que ofendeu evang\u00e9licos"},"content":{"rendered":"\n<p>O pastor Marco Feliciano (PL-SP) usou suas redes sociais, nesta segunda-feira (29), para condenar a intoler\u00e2ncia religiosa praticada por um membro do Conselh\u00e3o do governo Lula (PT). O parlamentar divulgou um v\u00eddeo intitulado \u201cmembro do Conselh\u00e3o de Lula ataca a maioria dos 60 milh\u00f5es de evang\u00e9licos do Brasil\u201d, onde exibe a publica\u00e7\u00e3o no Twitter do advogado Wilson Ramos Filho, em que ele pratica preconceito religioso contra os evang\u00e9licos.<\/p>\n\n\n\n<p>Na postagem, Wilson faz seu coment\u00e1rio sobre uma publica\u00e7\u00e3o que ele compartilhou, extra\u00edda de um outro perfil. Trata-se de um v\u00eddeo em que Sergio Moro discursa na \u201cMarcha para Jesus\u201d, enaltecendo as virtudes de Deltan Dallagnol, apesar de n\u00e3o se considerar um \u201camigo pr\u00f3ximo dele\u201d. Esta nega\u00e7\u00e3o de proximidade de Moro a Dallagnol irritou o advogado, que disparou contra os que professam a f\u00e9 evang\u00e9lica.<\/p>\n\n\n\n<p>\u2013 Esses sujeitos (Moro e Dallagnol) estimulam as pessoas decentes a ficarem cada vez mais crentof\u00f3bicas. Somente as pessoas intrinsecamente m\u00e1s ainda os apoiam. N\u00e3o s\u00e3o todos, mas a maioria dos evang\u00e9licos \u00e9 composta de pessoas ruins \u2013 declarou Wilson Ramos Filho.<\/p>\n\n\n\n<figure class=\"wp-block-image\"><img src=\"https:\/\/static.cdn.pleno.news\/2023\/05\/Twitter-Wilson-Ramos-Filho.png\" alt=\"\" class=\"wp-image-1147655\"\/><\/figure>\n\n\n\n<p>Marco Feliciano condenou o posicionamento e revelou estar tomando medidas jur\u00eddicas para que esta viol\u00eancia contra os evang\u00e9licos n\u00e3o fique impune.<\/p>\n\n\n\n<p>\u2013 Esta afirma\u00e7\u00e3o que, salvo melhor ju\u00edzo, a meu ver, se trata de crime de preconceito religioso, que pela interpreta\u00e7\u00e3o do STF, se enquadra como crime semelhante ao de racismo. E como vice presidente da Frente Parlamentar Evang\u00e9lica, eu levarei o assunto em nossa reuni\u00e3o amanh\u00e3 e eu vou pedir para o nosso departamento jur\u00eddico tomar as devidas provid\u00eancias a respeito dessa postagem.<\/p>\n\n\n\n<p>Feliciano denunciou outras publica\u00e7\u00f5es onde vocifera a intoler\u00e2ncia religiosa ostentada pelo membro do Conselh\u00e3o de Lula. Ap\u00f3s a cassa\u00e7\u00e3o do mandato de deputado federal do ex-procurador da Lava Jato, Deltan Dallagnol, Wilson exibiu uma foto do parlamentar e mais uma vez afrontou a f\u00e9 crist\u00e3.<\/p>\n\n\n\n<p>\u2013 De todos os deuses, o mais fraquinho \u00e9 esse da Igreja Batista. N\u00e3o conseguiu nem um ou dois votinhos divergentes no TSE. Apesar das ora\u00e7\u00f5es do ficha suja e dos demais crentes na igreja dele, o lavajateiro foi cassado por unanimidade \u2013 comemorou em post eivado de intoler\u00e2ncia religiosa.<\/p>\n\n\n\n<figure class=\"wp-block-image is-resized\"><img loading=\"lazy\" src=\"https:\/\/static.cdn.pleno.news\/2023\/05\/Wilson-Ramos-Filho-Twitter-Dallagnol.png\" alt=\"\" class=\"wp-image-1147656\" width=\"594\" height=\"504\"\/><\/figure>\n\n\n\n<p>Confira no link:<\/p>\n\n\n\n<p><blockquote class=\"twitter-tweet\" data-width=\"550\" data-dnt=\"true\"><p lang=\"pt\" dir=\"ltr\">MEMBRO DO CONSELH\u00c3O DE LULA ATACA A MAIORIA DOS 60 MILH\u00d5ES DE EVANG\u00c9LICOS DO BRASIL! <a href=\"https:\/\/t.co\/1J7T4yWu0n\">pic.twitter.com\/1J7T4yWu0n<\/a><\/p>&mdash; Marco Feliciano (@marcofeliciano) <a href=\"https:\/\/twitter.com\/marcofeliciano\/status\/1663316943636426753?ref_src=twsrc%5Etfw\">May 29, 2023<\/a><\/blockquote><script async src=\"https:\/\/platform.twitter.com\/widgets.js\" charset=\"utf-8\"><\/script><\/p>\n","protected":false},"excerpt":{"rendered":"<p>O pastor Marco Feliciano (PL-SP) usou suas redes sociais, nesta segunda-feira (29), para condenar a intoler\u00e2ncia religiosa praticada por um membro do Conselh\u00e3o do governo Lula (PT). O parlamentar divulgou um v\u00eddeo intitulado \u201cmembro do Conselh\u00e3o de Lula ataca a maioria dos 60 milh\u00f5es de evang\u00e9licos do Brasil\u201d, onde exibe a publica\u00e7\u00e3o no Twitter do [&hellip;]<\/p>\n","protected":false},"author":2,"featured_media":15935,"comment_status":"open","ping_status":"open","sticky":false,"template":"","format":"standard","meta":[],"categories":[5],"tags":[],"_links":{"self":[{"href":"https:\/\/dgospel.com.br\/portal\/index.php\/wp-json\/wp\/v2\/posts\/15934"}],"collection":[{"href":"https:\/\/dgospel.com.br\/portal\/index.php\/wp-json\/wp\/v2\/posts"}],"about":[{"href":"https:\/\/dgospel.com.br\/portal\/index.php\/wp-json\/wp\/v2\/types\/post"}],"author":[{"embeddable":true,"href":"https:\/\/dgospel.com.br\/portal\/index.php\/wp-json\/wp\/v2\/users\/2"}],"replies":[{"embeddable":true,"href":"https:\/\/dgospel.com.br\/portal\/index.php\/wp-json\/wp\/v2\/comments?post=15934"}],"version-history":[{"count":1,"href":"https:\/\/dgospel.com.br\/portal\/index.php\/wp-json\/wp\/v2\/posts\/15934\/revisions"}],"predecessor-version":[{"id":15936,"href":"https:\/\/dgospel.com.br\/portal\/index.php\/wp-json\/wp\/v2\/posts\/15934\/revisions\/15936"}],"wp:featuredmedia":[{"embeddable":true,"href":"https:\/\/dgospel.com.br\/portal\/index.php\/wp-json\/wp\/v2\/media\/15935"}],"wp:attachment":[{"href":"https:\/\/dgospel.com.br\/portal\/index.php\/wp-json\/wp\/v2\/media?parent=15934"}],"wp:term":[{"taxonomy":"category","embeddable":true,"href":"https:\/\/dgospel.com.br\/portal\/index.php\/wp-json\/wp\/v2\/categories?post=15934"},{"taxonomy":"post_tag","embeddable":true,"href":"https:\/\/dgospel.com.br\/portal\/index.php\/wp-json\/wp\/v2\/tags?post=15934"}],"curies":[{"name":"wp","href":"https:\/\/api.w.org\/{rel}","templated":true}]}}