{"id":15940,"date":"2023-05-29T23:01:19","date_gmt":"2023-05-30T02:01:19","guid":{"rendered":"http:\/\/dgospel.com.br\/portal\/?p=15940"},"modified":"2023-05-29T23:01:20","modified_gmt":"2023-05-30T02:01:20","slug":"minha-casa-minha-vida-tem-queda-de-418-e-decepciona","status":"publish","type":"post","link":"https:\/\/dgospel.com.br\/portal\/index.php\/2023\/05\/29\/minha-casa-minha-vida-tem-queda-de-418-e-decepciona\/","title":{"rendered":"\u201cMinha Casa, Minha Vida\u201d tem queda de 41,8% e decepciona"},"content":{"rendered":"\n<p>O programa habitacional deste governo Lula (PT), Minha Casa Minha Vida, encolheu no primeiro trimestre deste ano quando comparado ao mesmo per\u00edodo de 2022.<\/p>\n\n\n\n<p>Dados da C\u00e2mara Brasileira da Ind\u00fastria da Constru\u00e7\u00e3o (CBIC), divulgados nesta segunda-feira (29), revelam que apenas 16,8 mil unidades habitacionais foram lan\u00e7adas no per\u00edodo, o que representa uma queda de 41,8% quando comparado ao mesmo per\u00edodo do ano anterior. As vendas tamb\u00e9m encolheram 37,1%. De acordo com CBIC, 24,8 mil foram vendidas.<\/p>\n\n\n\n<p>Ao assinar a medida provis\u00f3ria (MP) para a retomada do programa Minha Casa, Minha Vida, em fevereiro, Lula garantiu que obras paradas seriam continuadas e somadas aos novos lan\u00e7amentos, cen\u00e1rio bem diferente do contemplado atualmente.<\/p>\n","protected":false},"excerpt":{"rendered":"<p>O programa habitacional deste governo Lula (PT), Minha Casa Minha Vida, encolheu no primeiro trimestre deste ano quando comparado ao mesmo per\u00edodo de 2022. Dados da C\u00e2mara Brasileira da Ind\u00fastria da Constru\u00e7\u00e3o (CBIC), divulgados nesta segunda-feira (29), revelam que apenas 16,8 mil unidades habitacionais foram lan\u00e7adas no per\u00edodo, o que representa uma queda de 41,8% [&hellip;]<\/p>\n","protected":false},"author":2,"featured_media":15941,"comment_status":"open","ping_status":"open","sticky":false,"template":"","format":"standard","meta":[],"categories":[10],"tags":[],"_links":{"self":[{"href":"https:\/\/dgospel.com.br\/portal\/index.php\/wp-json\/wp\/v2\/posts\/15940"}],"collection":[{"href":"https:\/\/dgospel.com.br\/portal\/index.php\/wp-json\/wp\/v2\/posts"}],"about":[{"href":"https:\/\/dgospel.com.br\/portal\/index.php\/wp-json\/wp\/v2\/types\/post"}],"author":[{"embeddable":true,"href":"https:\/\/dgospel.com.br\/portal\/index.php\/wp-json\/wp\/v2\/users\/2"}],"replies":[{"embeddable":true,"href":"https:\/\/dgospel.com.br\/portal\/index.php\/wp-json\/wp\/v2\/comments?post=15940"}],"version-history":[{"count":1,"href":"https:\/\/dgospel.com.br\/portal\/index.php\/wp-json\/wp\/v2\/posts\/15940\/revisions"}],"predecessor-version":[{"id":15942,"href":"https:\/\/dgospel.com.br\/portal\/index.php\/wp-json\/wp\/v2\/posts\/15940\/revisions\/15942"}],"wp:featuredmedia":[{"embeddable":true,"href":"https:\/\/dgospel.com.br\/portal\/index.php\/wp-json\/wp\/v2\/media\/15941"}],"wp:attachment":[{"href":"https:\/\/dgospel.com.br\/portal\/index.php\/wp-json\/wp\/v2\/media?parent=15940"}],"wp:term":[{"taxonomy":"category","embeddable":true,"href":"https:\/\/dgospel.com.br\/portal\/index.php\/wp-json\/wp\/v2\/categories?post=15940"},{"taxonomy":"post_tag","embeddable":true,"href":"https:\/\/dgospel.com.br\/portal\/index.php\/wp-json\/wp\/v2\/tags?post=15940"}],"curies":[{"name":"wp","href":"https:\/\/api.w.org\/{rel}","templated":true}]}}