{"id":15943,"date":"2023-05-29T23:04:28","date_gmt":"2023-05-30T02:04:28","guid":{"rendered":"http:\/\/dgospel.com.br\/portal\/?p=15943"},"modified":"2023-05-29T23:04:29","modified_gmt":"2023-05-30T02:04:29","slug":"assassinatos-prisoes-torturas-e-estupros-relatorio-descreve-a-perseguicao-politica-na-venezuela","status":"publish","type":"post","link":"https:\/\/dgospel.com.br\/portal\/index.php\/2023\/05\/29\/assassinatos-prisoes-torturas-e-estupros-relatorio-descreve-a-perseguicao-politica-na-venezuela\/","title":{"rendered":"Assassinatos, pris\u00f5es, torturas e estupros. Relat\u00f3rio descreve a persegui\u00e7\u00e3o pol\u00edtica na Venezuela"},"content":{"rendered":"\n<p>Em 2022, uma nova pessoa, institui\u00e7\u00e3o ou empresa foi v\u00edtima de persegui\u00e7\u00e3o pol\u00edtica a cada 16 horas na Venezuela. \u00c9 o que demonstra o Centro de Justi\u00e7a e Paz (Cepaz) em relat\u00f3rio divulgado na \u00faltima quarta-feira, 24.<\/p>\n\n\n\n<p>Segundo o levantamento, 523 casos de persegui\u00e7\u00e3o e criminaliza\u00e7\u00e3o ocorreram no pa\u00eds sul-americano de 1\u00ba de janeiro a 31 de dezembro do ano passado. De acordo com a equipe respons\u00e1vel pelo relat\u00f3rio, os atos atendem a uma \u00fanica demanda: manter um ditador no poder.<\/p>\n\n\n\n<p>\u201cOs dados colhidos no relat\u00f3rio de encerramento do ano passado demonstram, mais uma vez, que esses atos fazem parte de uma pol\u00edtica de Estado aplicadas para garantir a perman\u00eancia no poder de Nicol\u00e1s Maduro\u201d, informa o Cepaz em&nbsp;<strong><a href=\"https:\/\/cepaz.org\/noticias\/en-2022-se-profundizaron-los-mecanismos-de-persecucion-y-criminalizacion-en-venezuela-con-mas-de-500-casos-registrados\/\" target=\"_blank\" rel=\"noreferrer noopener\">nota oficial<\/a><\/strong>.<\/p>\n\n\n\n<p>Ainda de acordo com o Cepaz, as persegui\u00e7\u00f5es a opositores de Maduro se d\u00e3o das formas mais perversas poss\u00edveis. \u201cParece haver motivos razo\u00e1veis \u200b\u200bpara supor que a pol\u00edtica de persegui\u00e7\u00e3o e criminaliza\u00e7\u00e3o tenha sido cometida em conjunto com outros&nbsp;<strong>crimes contra a humanidade, como assassinatos, pris\u00f5es, torturas e estupros<\/strong>.\u201d<\/p>\n\n\n\n<h2 id=\"h-ditador-da-venezuela-no-brasil\">Ditador da Venezuela no Brasil<\/h2>\n\n\n\n<figure class=\"wp-block-image\"><img src=\"https:\/\/medias.revistaoeste.com\/qa-staging\/wp-content\/uploads\/2023\/05\/nicolas-maduro-brasil.jpg\" alt=\"nicol\u00e1s maduro - brasil\" class=\"wp-image-932543\"\/><figcaption>O ditador Nicol\u00e1s Maduro | Foto: Marcelo Camargo\/Ag\u00eancia Brasil<\/figcaption><\/figure>\n\n\n\n<p>Sucessor de Hugo Ch\u00e1vez, Maduro est\u00e1 no poder venezuelano h\u00e1 dez anos. Organismos internacionais, contudo, contestam a lideran\u00e7a dele. Mais de 50 membros da Organiza\u00e7\u00e3o das Na\u00e7\u00f5es Unidas, por exemplo, n\u00e3o reconhecem Maduro como um leg\u00edtimo chefe de Estado.<\/p>\n\n\n\n<p>Al\u00e9m disso, os Estados Unidos divulgam que&nbsp;<strong><a href=\"https:\/\/revistaoeste.com\/politica\/eua-oferecem-recompensa-milionaria-por-maduro\/\" target=\"_blank\" rel=\"noreferrer noopener\">quem ajudar com informa\u00e7\u00f5es para a captura de Maduro receber\u00e1 recompensa de US$ 15 milh\u00f5es<\/a><\/strong>. Segundo as autoridades norte-americanas, o ditador venezuelano \u00e9 respons\u00e1vel, entre outros crimes, por corrup\u00e7\u00e3o e tr\u00e1fico de drogas.<\/p>\n\n\n\n<p>Apesar disso, Maduro desembarcou no Brasil nesta segunda-feira, 29. A saber,&nbsp;<strong><a href=\"https:\/\/revistaoeste.com\/politica\/militares-batem-continencia-para-maduro-e-sao-criticados\/\" target=\"_blank\" rel=\"noreferrer noopener\">militares o receberam com direito a contin\u00eancia<\/a><\/strong>&nbsp;no aeroporto de Bras\u00edlia. Por fim, Maduro cumprimentou o presidente Luiz In\u00e1cio Lula da Silva e&nbsp;<strong><a href=\"https:\/\/revistaoeste.com\/politica\/ditador-nicolas-maduro-sobe-a-rampa-do-palacio-do-planalto\/\" target=\"_blank\" rel=\"noreferrer noopener\">subiu a rampa do Pal\u00e1cio do Planalto<\/a><\/strong>.<\/p>\n\n\n\n<p><strong>Leia tamb\u00e9m:&nbsp;<a href=\"https:\/\/revistaoeste.com\/politica\/justica-eleitoral-proibiu-relacionar-lula-a-maduro-e-hoje-eles-se-encontram\/\" target=\"_blank\" rel=\"noreferrer noopener\">\u201cJusti\u00e7a Eleitoral proibiu relacionar Lula a Maduro \u2014 e hoje eles se encontram\u201d<\/a><\/strong><\/p>\n","protected":false},"excerpt":{"rendered":"<p>Em 2022, uma nova pessoa, institui\u00e7\u00e3o ou empresa foi v\u00edtima de persegui\u00e7\u00e3o pol\u00edtica a cada 16 horas na Venezuela. \u00c9 o que demonstra o Centro de Justi\u00e7a e Paz (Cepaz) em relat\u00f3rio divulgado na \u00faltima quarta-feira, 24. Segundo o levantamento, 523 casos de persegui\u00e7\u00e3o e criminaliza\u00e7\u00e3o ocorreram no pa\u00eds sul-americano de 1\u00ba de janeiro a [&hellip;]<\/p>\n","protected":false},"author":2,"featured_media":15944,"comment_status":"open","ping_status":"open","sticky":false,"template":"","format":"standard","meta":[],"categories":[16],"tags":[],"_links":{"self":[{"href":"https:\/\/dgospel.com.br\/portal\/index.php\/wp-json\/wp\/v2\/posts\/15943"}],"collection":[{"href":"https:\/\/dgospel.com.br\/portal\/index.php\/wp-json\/wp\/v2\/posts"}],"about":[{"href":"https:\/\/dgospel.com.br\/portal\/index.php\/wp-json\/wp\/v2\/types\/post"}],"author":[{"embeddable":true,"href":"https:\/\/dgospel.com.br\/portal\/index.php\/wp-json\/wp\/v2\/users\/2"}],"replies":[{"embeddable":true,"href":"https:\/\/dgospel.com.br\/portal\/index.php\/wp-json\/wp\/v2\/comments?post=15943"}],"version-history":[{"count":1,"href":"https:\/\/dgospel.com.br\/portal\/index.php\/wp-json\/wp\/v2\/posts\/15943\/revisions"}],"predecessor-version":[{"id":15945,"href":"https:\/\/dgospel.com.br\/portal\/index.php\/wp-json\/wp\/v2\/posts\/15943\/revisions\/15945"}],"wp:featuredmedia":[{"embeddable":true,"href":"https:\/\/dgospel.com.br\/portal\/index.php\/wp-json\/wp\/v2\/media\/15944"}],"wp:attachment":[{"href":"https:\/\/dgospel.com.br\/portal\/index.php\/wp-json\/wp\/v2\/media?parent=15943"}],"wp:term":[{"taxonomy":"category","embeddable":true,"href":"https:\/\/dgospel.com.br\/portal\/index.php\/wp-json\/wp\/v2\/categories?post=15943"},{"taxonomy":"post_tag","embeddable":true,"href":"https:\/\/dgospel.com.br\/portal\/index.php\/wp-json\/wp\/v2\/tags?post=15943"}],"curies":[{"name":"wp","href":"https:\/\/api.w.org\/{rel}","templated":true}]}}