{"id":15946,"date":"2023-05-29T23:11:12","date_gmt":"2023-05-30T02:11:12","guid":{"rendered":"http:\/\/dgospel.com.br\/portal\/?p=15946"},"modified":"2023-05-29T23:11:13","modified_gmt":"2023-05-30T02:11:13","slug":"wanderlei-barbosa-cumpre-agenda-no-exterior-e-laurez-moreira-assume-temporariamente","status":"publish","type":"post","link":"https:\/\/dgospel.com.br\/portal\/index.php\/2023\/05\/29\/wanderlei-barbosa-cumpre-agenda-no-exterior-e-laurez-moreira-assume-temporariamente\/","title":{"rendered":"Wanderlei Barbosa cumpre agenda no exterior e Laurez Moreira assume temporariamente"},"content":{"rendered":"\n<p>O governador do Tocantins, Wanderlei Barbosa, estar\u00e1 em miss\u00e3o oficial na Europa no per\u00edodo de 28 de maio a 9 de junho. Na ocasi\u00e3o, ele e sua comitiva cumprir\u00e3o agenda institucional na Est\u00f4nia, Espanha e Su\u00ed\u00e7a. Dentre os temas debatidos est\u00e3o a Governan\u00e7a Digital, interc\u00e2mbio para o Programa Jovem Trabalhador e quest\u00f5es ligadas ao meio ambiente.<\/p>\n\n\n\n<p>O comunicado da viagem foi publicado no Di\u00e1rio Oficial do Estado (DOE) desta sexta-feira, 26.<\/p>\n\n\n\n<p>Durante o per\u00edodo de miss\u00e3o do governador Wanderlei Barbosa no exterior, a chefia do Poder Executivo ficar\u00e1 a cargo do vice-governador,&nbsp;Laurez&nbsp;Moreira.<\/p>\n","protected":false},"excerpt":{"rendered":"<p>O governador do Tocantins, Wanderlei Barbosa, estar\u00e1 em miss\u00e3o oficial na Europa no per\u00edodo de 28 de maio a 9 de junho. Na ocasi\u00e3o, ele e sua comitiva cumprir\u00e3o agenda institucional na Est\u00f4nia, Espanha e Su\u00ed\u00e7a. Dentre os temas debatidos est\u00e3o a Governan\u00e7a Digital, interc\u00e2mbio para o Programa Jovem Trabalhador e quest\u00f5es ligadas ao meio [&hellip;]<\/p>\n","protected":false},"author":2,"featured_media":15947,"comment_status":"open","ping_status":"open","sticky":false,"template":"","format":"standard","meta":[],"categories":[3],"tags":[13],"_links":{"self":[{"href":"https:\/\/dgospel.com.br\/portal\/index.php\/wp-json\/wp\/v2\/posts\/15946"}],"collection":[{"href":"https:\/\/dgospel.com.br\/portal\/index.php\/wp-json\/wp\/v2\/posts"}],"about":[{"href":"https:\/\/dgospel.com.br\/portal\/index.php\/wp-json\/wp\/v2\/types\/post"}],"author":[{"embeddable":true,"href":"https:\/\/dgospel.com.br\/portal\/index.php\/wp-json\/wp\/v2\/users\/2"}],"replies":[{"embeddable":true,"href":"https:\/\/dgospel.com.br\/portal\/index.php\/wp-json\/wp\/v2\/comments?post=15946"}],"version-history":[{"count":1,"href":"https:\/\/dgospel.com.br\/portal\/index.php\/wp-json\/wp\/v2\/posts\/15946\/revisions"}],"predecessor-version":[{"id":15948,"href":"https:\/\/dgospel.com.br\/portal\/index.php\/wp-json\/wp\/v2\/posts\/15946\/revisions\/15948"}],"wp:featuredmedia":[{"embeddable":true,"href":"https:\/\/dgospel.com.br\/portal\/index.php\/wp-json\/wp\/v2\/media\/15947"}],"wp:attachment":[{"href":"https:\/\/dgospel.com.br\/portal\/index.php\/wp-json\/wp\/v2\/media?parent=15946"}],"wp:term":[{"taxonomy":"category","embeddable":true,"href":"https:\/\/dgospel.com.br\/portal\/index.php\/wp-json\/wp\/v2\/categories?post=15946"},{"taxonomy":"post_tag","embeddable":true,"href":"https:\/\/dgospel.com.br\/portal\/index.php\/wp-json\/wp\/v2\/tags?post=15946"}],"curies":[{"name":"wp","href":"https:\/\/api.w.org\/{rel}","templated":true}]}}