{"id":1595,"date":"2018-10-16T11:31:49","date_gmt":"2018-10-16T14:31:49","guid":{"rendered":"http:\/\/dgospel.com.br\/portal\/?p=1595"},"modified":"2018-10-16T11:31:49","modified_gmt":"2018-10-16T14:31:49","slug":"pastor-sofre-atentado-a-bala-e-suspeita-de-motivacoes-politicas-no-ceara","status":"publish","type":"post","link":"https:\/\/dgospel.com.br\/portal\/index.php\/2018\/10\/16\/pastor-sofre-atentado-a-bala-e-suspeita-de-motivacoes-politicas-no-ceara\/","title":{"rendered":"Pastor sofre atentado a bala e suspeita de motiva\u00e7\u00f5es pol\u00edticas, no Cear\u00e1"},"content":{"rendered":"<p>No \u00faltimo domingo (14), o pastor Jos\u00e9 Costa de Melo teve sua resid\u00eancia metralhada em um ataque criminoso, no munic\u00edpio de Itapaj\u00e9,\u00a0<strong><a href=\"https:\/\/guiame.com.br\/gospel\/mundo-cristao\/escola-e-denunciada-ao-ministerio-publico-por-promover-ideologia-de-genero-no-ceara.html\">Cear\u00e1<\/a><\/strong>. Segundo informa\u00e7\u00f5es coletadas pela pol\u00edcia, o crime aconteceu por volta das 2h30, quando tr\u00eas homens armados passaram com um ve\u00edculo em frente \u00e0 casa e dispararam v\u00e1rios tiros de escopeta e pistolas autom\u00e1ticas. A resid\u00eancia \u00e9 uma casa pastoral da Igreja Assembleia de Deus Templo Central.<\/p>\n<p>A pol\u00edcia apurou as informa\u00e7\u00f5es com testemunhas, que relataram que os bandidos estavam armados com pistolas de calibre ponto 40 e escopetas de calibre 12.<\/p>\n<p>Os tiros atingiram o port\u00e3o de metal da resid\u00eancia, quebraram as janelas, perfuraram as paredes e tamb\u00e9m um ve\u00edculo que estava dentro do local. No momento da a\u00e7\u00e3o, o pastor e seus familiares estavam na casa, mas ningu\u00e9m ficou ferido.<\/p>\n<p><strong>Suspeitas e &#8220;coincid\u00eancias&#8221;<\/strong><\/p>\n<p>Em depoimento \u00e0 imprensa local, o pastor revelou suspeitar de que o crime tenha motiva\u00e7\u00f5es pol\u00edticas, pois ocorreu pouco tempo ap\u00f3s ele ter declarado seu\u00a0<strong><a href=\"https:\/\/guiame.com.br\/gospel\/mundo-cristao\/pastores-declaram-apoio-jair-bolsonaro-em-meio-protestos-no-brasil.html\">apoio pessoal ao candidato do PSL<\/a><\/strong>, Jair Bolsonaro.<\/p>\n<p>&#8220;Eu declarei meu apoio a ele [Jair Bolsonaro] no direito de cidad\u00e3o que me assiste de fazer a minha escolha&#8221;, explicou o pastor ao rep\u00f3rter Wellington Macedo.<\/p>\n<p>Jos\u00e9 da Costa explicou que assumiu seu apoio pessoal a Bolsonaro \u00e0s v\u00e9speras do primeiro turno e tamb\u00e9m alertou sua igreja sobre a import\u00e2ncia do voto consciente, sobre votar em candidatos que defendam os valores b\u00edblicos.<\/p>\n<p>&#8220;N\u00f3s est\u00e1vamos \u00e0s v\u00e9speras da elei\u00e7\u00e3o e eu disse que est\u00e1vamos com o poder na m\u00e3o, para definir as nossas escolhas e procur\u00e1ssemos aqueles que se identificam com o nosso credo, com a nossa forma de crer, de ver, principalmente enquanto estamos vivendo em um pa\u00eds onde as coisas est\u00e3o muito \u00e0 vontade&#8221;, acrescentou.<\/p>\n<p><strong>Seguran\u00e7a refor\u00e7ada na regi\u00e3o<\/strong><\/p>\n<p>A Secretaria da Seguran\u00e7a P\u00fablica (SSPDS) divulgou por meio de nota que a Pol\u00edcia Civil do Estado do Cear\u00e1 (PCCE) continua investigando o crime. Por\u00e9m a a Delegacia Municipal de Itapaj\u00e9 ainda n\u00e3o revelou mais detalhes sobre o crime para n\u00e3o comprometer o andamento das investiga\u00e7\u00f5es.<\/p>\n<p>A Pol\u00edcia Militar do Cear\u00e1 (PMCE) tamb\u00e9m intensificou intensificou o patrulhamento na regi\u00e3o, com equipes do Policiamento Ostensivo Geral (POG), For\u00e7a T\u00e1tica e Batalh\u00e3o de Policiamento de Rondas, al\u00e9m de A\u00e7\u00f5es Intensivas e Ostensivas (BPRaio).<\/p>\n<p>A Per\u00edcia Forense do Estado do Cear\u00e1 (Pefoce) tamb\u00e9m j\u00e1 foi acionada para realizar uma per\u00edcia no local.<\/p>\n<p>Fonte:\u00a0guiame<\/p>\n","protected":false},"excerpt":{"rendered":"<p>No \u00faltimo domingo (14), o pastor Jos\u00e9 Costa de Melo teve sua resid\u00eancia metralhada em um ataque criminoso, no munic\u00edpio de Itapaj\u00e9,\u00a0Cear\u00e1. Segundo informa\u00e7\u00f5es coletadas pela pol\u00edcia, o crime aconteceu por volta das 2h30, quando tr\u00eas homens armados passaram com um ve\u00edculo em frente \u00e0 casa e dispararam v\u00e1rios tiros de escopeta e pistolas autom\u00e1ticas. [&hellip;]<\/p>\n","protected":false},"author":2,"featured_media":1596,"comment_status":"open","ping_status":"open","sticky":false,"template":"","format":"standard","meta":[],"categories":[2,5,6],"tags":[],"_links":{"self":[{"href":"https:\/\/dgospel.com.br\/portal\/index.php\/wp-json\/wp\/v2\/posts\/1595"}],"collection":[{"href":"https:\/\/dgospel.com.br\/portal\/index.php\/wp-json\/wp\/v2\/posts"}],"about":[{"href":"https:\/\/dgospel.com.br\/portal\/index.php\/wp-json\/wp\/v2\/types\/post"}],"author":[{"embeddable":true,"href":"https:\/\/dgospel.com.br\/portal\/index.php\/wp-json\/wp\/v2\/users\/2"}],"replies":[{"embeddable":true,"href":"https:\/\/dgospel.com.br\/portal\/index.php\/wp-json\/wp\/v2\/comments?post=1595"}],"version-history":[{"count":1,"href":"https:\/\/dgospel.com.br\/portal\/index.php\/wp-json\/wp\/v2\/posts\/1595\/revisions"}],"predecessor-version":[{"id":1597,"href":"https:\/\/dgospel.com.br\/portal\/index.php\/wp-json\/wp\/v2\/posts\/1595\/revisions\/1597"}],"wp:featuredmedia":[{"embeddable":true,"href":"https:\/\/dgospel.com.br\/portal\/index.php\/wp-json\/wp\/v2\/media\/1596"}],"wp:attachment":[{"href":"https:\/\/dgospel.com.br\/portal\/index.php\/wp-json\/wp\/v2\/media?parent=1595"}],"wp:term":[{"taxonomy":"category","embeddable":true,"href":"https:\/\/dgospel.com.br\/portal\/index.php\/wp-json\/wp\/v2\/categories?post=1595"},{"taxonomy":"post_tag","embeddable":true,"href":"https:\/\/dgospel.com.br\/portal\/index.php\/wp-json\/wp\/v2\/tags?post=1595"}],"curies":[{"name":"wp","href":"https:\/\/api.w.org\/{rel}","templated":true}]}}