{"id":15952,"date":"2023-05-29T23:17:01","date_gmt":"2023-05-30T02:17:01","guid":{"rendered":"http:\/\/dgospel.com.br\/portal\/?p=15952"},"modified":"2023-05-29T23:17:02","modified_gmt":"2023-05-30T02:17:02","slug":"incentivo-fiscal-ofertado-pelo-governo-do-tocantins-garante-expansao-de-empresas-e-contribui-para-a-geracao-de-emprego-no-estado","status":"publish","type":"post","link":"https:\/\/dgospel.com.br\/portal\/index.php\/2023\/05\/29\/incentivo-fiscal-ofertado-pelo-governo-do-tocantins-garante-expansao-de-empresas-e-contribui-para-a-geracao-de-emprego-no-estado\/","title":{"rendered":"Incentivo fiscal ofertado pelo Governo do Tocantins garante expans\u00e3o de empresas e contribui para a gera\u00e7\u00e3o de emprego no Estado"},"content":{"rendered":"\n<p>O governador em exerc\u00edcio do Estado do Tocantins, Laurez Moreira, recebeu os empres\u00e1rios David Valtuille e Yahushi Taji para cerim\u00f4nia de assinatura de contratos de benef\u00edcios fiscais ofertados pelo programa&nbsp;<em>Pr\u00f3-Ind\u00fastria<\/em>. Acompanhado do titular da Secretaria de Estado da Ind\u00fastria e Com\u00e9rcio (Sics), Carlos Humberto Lima, e do secret\u00e1rio-chefe da Casa Civil, Deocleciano Gomes Filho, o governador em exerc\u00edcio assinou o contrato e contou que esse tipo de incentivo atende uma demanda que \u00e9 prioridade do governador Wanderlei Barbosa.<\/p>\n\n\n\n<p>\u201cO governo do Wanderlei Barbosa tem a preocupa\u00e7\u00e3o de industrializar o Estado do Tocantins e \u00e9 isso que ele est\u00e1 fazendo, trazendo incentivo para aqueles que queiram investir aqui\u201d, sinalizou Laurez, ao complementar: \u201csabemos que somos um Estado novo e o mercado consumidor ainda \u00e9 pequeno, por isso precisamos desses tipos de est\u00edmulo aos investidores. Quem vier investir no Tocantins, tenha a certeza de que tem o apoio do Governo, para que seu neg\u00f3cio d\u00ea certo\u201d, pontuou.<\/p>\n\n\n\n<p>Os incentivos s\u00e3o concedidos ap\u00f3s an\u00e1lise criteriosa dos projetos de viabilidade t\u00e9cnica apresentados pelas empresas ao Conselho de Desenvolvimento Econ\u00f4mico do Tocantins (CDE), visando \u00e0 gera\u00e7\u00e3o de emprego e renda e ao desenvolvimento socioecon\u00f4mico do Tocantins. \u00c9 o que explica o gestor da Sics, o secret\u00e1rio Carlos Humberto Lima, \u201ca Lei n\u00b0 1.385\/2003 do&nbsp;<em>Pr\u00f3-Ind\u00fastria<\/em>&nbsp;permite que empres\u00e1rios tenham acesso ao benef\u00edcio fiscal que reduz o ICMS com cr\u00e9dito presumido em 75%, estando ele na modalidade de lucro presumido ou lucro real, al\u00e9m da isen\u00e7\u00e3o na aquisi\u00e7\u00e3o de ativos imobilizados para a sua ind\u00fastria\u201d, evidenciou Carlos Humberto, informando ainda que o contrato tem vig\u00eancia at\u00e9 dezembro de 2032.<\/p>\n\n\n\n<p>Para o secret\u00e1rio Carlos Humberto, essa \u00e9 a principal ferramenta que o Governo do Tocantins tem no processo de atra\u00e7\u00e3o de investimentos na \u00e1rea industrial. \u201cO programa&nbsp;<em>Pr\u00f3-Ind\u00fastria&nbsp;<\/em>tem sido utilizado com muita responsabilidade e vem trazendo muito \u00eaxito para o Tocantins. N\u00f3s temos casos de sucesso e, inclusive, uma das empresas que assinam hoje \u00e9 uma delas. Em seu plano de investimento inicial, a empresa previa gerar 140 empregos diretos e, hoje, ela gera mais de 540 empregos no munic\u00edpio de Aragua\u00edna. Agora, ela est\u00e1 fazendo um processo de expans\u00e3o e abrindo uma filial na Capital, Palmas, onde a gente espera que, em breve, ela tamb\u00e9m supere a empregabilidade que foi apresentada em seu plano de investimentos\u201d, projetou.<\/p>\n\n\n\n<p>A empresa em quest\u00e3o \u00e9 a Concrenorte, do empres\u00e1rio David Valtuille. Instalada no Tocantins h\u00e1 mais de 15 anos, no munic\u00edpio de Aragua\u00edna, a Empresa \u00e9 considerada a maior fabricante de pr\u00e9-moldados de concreto da regi\u00e3o Norte do Estado. Em maio de 2022, expandiu seus neg\u00f3cios abrindo a Filial II em Palmas e pretende investir, inicialmente, R$ 2.450.000,00 e gerar at\u00e9 58 empregos diretos. \u201cO&nbsp;<em>Pr\u00f3-Ind\u00fastria<\/em>&nbsp;nos auxilia, sobretudo, na viabilidade de compra de equipamentos, o que nos d\u00e1 uma for\u00e7a para contrata\u00e7\u00e3o de funcion\u00e1rios e amplia\u00e7\u00e3o dos nossos neg\u00f3cios, seja na qualidade ou na variedade da oferta de produtos\u201d, afirmou David Valtuille.<\/p>\n\n\n\n<p>A outra empresa assinante do contrato na manh\u00e3 desta segunda-feira, 29, foi a \u00c1gua Santa Clara, do grupo Taji e presente no Tocantins desde 1995, especificamente no munic\u00edpio de Aparecida do Rio Negro, a 73 km de Palmas. Cymara Taji, empres\u00e1ria que acompanhou o pai, Yasushi Taji, na assinatura do documento, explicou que os equipamentos utilizados para envasar a \u00e1gua j\u00e1 est\u00e3o defasados, precisando que sejam atualizados. \u201cA produ\u00e7\u00e3o que alcan\u00e7amos hoje, por dia, \u00e9 bem pequena perto da demanda devido \u00e0s vendas. N\u00f3s precisamos de uma m\u00e1quina mais produtiva e, por orienta\u00e7\u00e3o do contador, chegamos at\u00e9 o\u00a0<em>Pr\u00f3-Ind\u00fastria<\/em>. Se n\u00e3o consegu\u00edssemos, seria bastante complicado\u201d, analisou Cymara. \u201cImposto \u00e9 onde a gente gasta mais, ent\u00e3o com essa ajuda do Governo do Tocantins, vamos conseguir atualizar nossos equipamentos e aumentar nossa produ\u00e7\u00e3o\u201d, finalizou Yasushi Taji.<\/p>\n\n\n\n<p><img src=\"https:\/\/central.to.gov.br\/image\/332058?w=670&amp;h=383\"><\/p>\n\n\n\n<p>Acompanharam o governador em exerc\u00edcio na assinatura dos benef\u00edcios o secret\u00e1rio de Estado da Ind\u00fastria e Com\u00e9rcio, Carlos Humberto Lima; e o secret\u00e1rio-chefe da Casa Civil, Deocleciano Gomes Filho &#8211; Fred Borges\/Governo do Tocantins\u00a0<\/p>\n\n\n\n<p><img src=\"https:\/\/central.to.gov.br\/image\/332057?w=670&amp;h=383\"><\/p>\n\n\n\n<p>Cymara Taji, empres\u00e1ria que acompanhou o pai, Yasushi Taji, na assinatura do documento, explicou que a empresa da fam\u00edlia ser\u00e1 beneficiada com novos equipamentos com o Pr\u00f3-Ind\u00fastria &#8211; Fred Borges\/Governo do Tocantins<\/p>\n\n\n\n<p><img src=\"https:\/\/central.to.gov.br\/image\/332056?w=670&amp;h=383\"><\/p>\n\n\n\n<p>\u201cO Pr\u00f3-Ind\u00fastria nos auxilia, sobretudo, na viabilidade de compra de equipamentos, o que nos d\u00e1 uma for\u00e7a para contrata\u00e7\u00e3o de funcion\u00e1rios e amplia\u00e7\u00e3o dos nossos neg\u00f3cios\u201d, afirmou o empres\u00e1rio David Valtuille, em encontro no Pal\u00e1cio Araguaia &#8211; Fotos de Fred Borges\/Governo do Tocantins\u00a0<\/p>\n\n\n\n<p><img src=\"https:\/\/central.to.gov.br\/image\/332055?w=670&amp;h=383\"><\/p>\n\n\n\n<p>Para o secret\u00e1rio da Sics, Carlos Humberto, essa \u00e9 a principal ferramenta que o Governo do Tocantins tem no processo de atra\u00e7\u00e3o de investimentos na \u00e1rea industrial &#8211; Fred Borges\/Governo do Tocantins<\/p>\n\n\n\n<p><img src=\"https:\/\/central.to.gov.br\/image\/332054?w=670&amp;h=383\"><\/p>\n\n\n\n<p>Laurez Moreira afirmou que \u201cQuem vier investir no Tocantins, tenha a certeza de que tem o apoio do Governo, para que seu neg\u00f3cio d\u00ea certo &#8211; Fred Borges\/Governo do Tocantins<\/p>\n","protected":false},"excerpt":{"rendered":"<p>O governador em exerc\u00edcio do Estado do Tocantins, Laurez Moreira, recebeu os empres\u00e1rios David Valtuille e Yahushi Taji para cerim\u00f4nia de assinatura de contratos de benef\u00edcios fiscais ofertados pelo programa&nbsp;Pr\u00f3-Ind\u00fastria. Acompanhado do titular da Secretaria de Estado da Ind\u00fastria e Com\u00e9rcio (Sics), Carlos Humberto Lima, e do secret\u00e1rio-chefe da Casa Civil, Deocleciano Gomes Filho, o [&hellip;]<\/p>\n","protected":false},"author":2,"featured_media":15953,"comment_status":"open","ping_status":"open","sticky":false,"template":"","format":"standard","meta":[],"categories":[3],"tags":[13],"_links":{"self":[{"href":"https:\/\/dgospel.com.br\/portal\/index.php\/wp-json\/wp\/v2\/posts\/15952"}],"collection":[{"href":"https:\/\/dgospel.com.br\/portal\/index.php\/wp-json\/wp\/v2\/posts"}],"about":[{"href":"https:\/\/dgospel.com.br\/portal\/index.php\/wp-json\/wp\/v2\/types\/post"}],"author":[{"embeddable":true,"href":"https:\/\/dgospel.com.br\/portal\/index.php\/wp-json\/wp\/v2\/users\/2"}],"replies":[{"embeddable":true,"href":"https:\/\/dgospel.com.br\/portal\/index.php\/wp-json\/wp\/v2\/comments?post=15952"}],"version-history":[{"count":1,"href":"https:\/\/dgospel.com.br\/portal\/index.php\/wp-json\/wp\/v2\/posts\/15952\/revisions"}],"predecessor-version":[{"id":15954,"href":"https:\/\/dgospel.com.br\/portal\/index.php\/wp-json\/wp\/v2\/posts\/15952\/revisions\/15954"}],"wp:featuredmedia":[{"embeddable":true,"href":"https:\/\/dgospel.com.br\/portal\/index.php\/wp-json\/wp\/v2\/media\/15953"}],"wp:attachment":[{"href":"https:\/\/dgospel.com.br\/portal\/index.php\/wp-json\/wp\/v2\/media?parent=15952"}],"wp:term":[{"taxonomy":"category","embeddable":true,"href":"https:\/\/dgospel.com.br\/portal\/index.php\/wp-json\/wp\/v2\/categories?post=15952"},{"taxonomy":"post_tag","embeddable":true,"href":"https:\/\/dgospel.com.br\/portal\/index.php\/wp-json\/wp\/v2\/tags?post=15952"}],"curies":[{"name":"wp","href":"https:\/\/api.w.org\/{rel}","templated":true}]}}