{"id":15955,"date":"2023-05-29T23:19:34","date_gmt":"2023-05-30T02:19:34","guid":{"rendered":"http:\/\/dgospel.com.br\/portal\/?p=15955"},"modified":"2023-05-29T23:19:36","modified_gmt":"2023-05-30T02:19:36","slug":"governador-em-exercicio-laurez-moreira-recebe-representantes-do-ministerio-da-saude","status":"publish","type":"post","link":"https:\/\/dgospel.com.br\/portal\/index.php\/2023\/05\/29\/governador-em-exercicio-laurez-moreira-recebe-representantes-do-ministerio-da-saude\/","title":{"rendered":"Governador em exerc\u00edcio, Laurez Moreira, recebe representantes do Minist\u00e9rio da Sa\u00fade"},"content":{"rendered":"\n<p>O governador em exerc\u00edcio do Tocantins, Laurez Moreira, recebeu na tarde desta segunda-feira, 29, a visita institucional do presidente do Conselho Estadual de Sa\u00fade do Tocantins, M\u00e1rio Ben\u00edcio; do assessor do Minist\u00e9rio da Sa\u00fade, Neilton Ara\u00fajo; e do superintendente do Minist\u00e9rio da Sa\u00fade no Tocantins, Relmivam Milhomem. Na oportunidade, o governador em exerc\u00edcio foi convidado a participar da abertura da 10\u00aa Confer\u00eancia Estadual de Sa\u00fade do Tocantins, que ser\u00e1 realizada nesta ter\u00e7a-feira, 30, no Centro de Conven\u00e7\u00f5es Parque do Povo, em Palmas.<\/p>\n\n\n\n<p>Laurez Moreira destacou a import\u00e2ncia da Confer\u00eancia de Sa\u00fade, porque envolve os 139 munic\u00edpios, Governo do Estado e Governo Federal e vai deliberar sobre pol\u00edticos de sa\u00fade para o Estado. \u201c\u00c9 um evento que envolve todas as esferas da gest\u00e3o p\u00fablica e, certamente, vamos sair com decis\u00f5es importantes para melhorar a sa\u00fade do Tocantins. Parab\u00e9ns ao governador Wanderlei Barbosa pelo apoio aos munic\u00edpios\u201d, pontuou.<\/p>\n\n\n\n<p>Neilton Ara\u00fajo destacou o apoio do Governo do Estado e destacou que o Tocantins foi um dos poucos estados que realizou 100% das confer\u00eancias municipais de sa\u00fade e ter\u00e1 uma expressiva delega\u00e7\u00e3o na 17\u00aa Confer\u00eancia Nacional de Sa\u00fade, que ser\u00e1 realizada de 2 a 5 de julho, em Bras\u00edlia (DF). \u201cEstamos aqui para cumprimentar e agradecer o apoio do Governo\u201d, afirmou.<\/p>\n\n\n\n<p>O presidente do Conselho Estadual de Sa\u00fade do Tocantins, M\u00e1rio Ben\u00edcio, explicou que esse evento \u00e9 uma etapa estadual, onde ser\u00e1 discutida a sa\u00fade como um todo para que as propostas sejam direcionadas aos governos estadual, estadual e municipal. \u201c\u00c9 um espa\u00e7o democr\u00e1tico, onde a sociedade tem o poder de fazer essas discuss\u00f5es, reclamar do que est\u00e1 errado e fazer as suas propostas para melhorar a sa\u00fade do Estado\u201d, frisou.<\/p>\n\n\n\n<p><img src=\"https:\/\/central.to.gov.br\/image\/332088?w=670&amp;h=383\"><\/p>\n\n\n\n<p>Na oportunidade, o governador em exerc\u00edcio foi convidado para participar da abertura da 10\u00aa Confer\u00eancia Estadual de Sa\u00fade, nesta ter\u00e7a-feira, em Palmas &#8211; Esequias Ara\u00fajo\/Governo do Tocantins&nbsp;<a href=\"https:\/\/central.to.gov.br\/image\/332088?f=1\" target=\"_blank\" rel=\"noreferrer noopener\"><em>fi<\/em><\/a><\/p>\n","protected":false},"excerpt":{"rendered":"<p>O governador em exerc\u00edcio do Tocantins, Laurez Moreira, recebeu na tarde desta segunda-feira, 29, a visita institucional do presidente do Conselho Estadual de Sa\u00fade do Tocantins, M\u00e1rio Ben\u00edcio; do assessor do Minist\u00e9rio da Sa\u00fade, Neilton Ara\u00fajo; e do superintendente do Minist\u00e9rio da Sa\u00fade no Tocantins, Relmivam Milhomem. Na oportunidade, o governador em exerc\u00edcio foi convidado [&hellip;]<\/p>\n","protected":false},"author":2,"featured_media":15956,"comment_status":"open","ping_status":"open","sticky":false,"template":"","format":"standard","meta":[],"categories":[3],"tags":[13],"_links":{"self":[{"href":"https:\/\/dgospel.com.br\/portal\/index.php\/wp-json\/wp\/v2\/posts\/15955"}],"collection":[{"href":"https:\/\/dgospel.com.br\/portal\/index.php\/wp-json\/wp\/v2\/posts"}],"about":[{"href":"https:\/\/dgospel.com.br\/portal\/index.php\/wp-json\/wp\/v2\/types\/post"}],"author":[{"embeddable":true,"href":"https:\/\/dgospel.com.br\/portal\/index.php\/wp-json\/wp\/v2\/users\/2"}],"replies":[{"embeddable":true,"href":"https:\/\/dgospel.com.br\/portal\/index.php\/wp-json\/wp\/v2\/comments?post=15955"}],"version-history":[{"count":1,"href":"https:\/\/dgospel.com.br\/portal\/index.php\/wp-json\/wp\/v2\/posts\/15955\/revisions"}],"predecessor-version":[{"id":15957,"href":"https:\/\/dgospel.com.br\/portal\/index.php\/wp-json\/wp\/v2\/posts\/15955\/revisions\/15957"}],"wp:featuredmedia":[{"embeddable":true,"href":"https:\/\/dgospel.com.br\/portal\/index.php\/wp-json\/wp\/v2\/media\/15956"}],"wp:attachment":[{"href":"https:\/\/dgospel.com.br\/portal\/index.php\/wp-json\/wp\/v2\/media?parent=15955"}],"wp:term":[{"taxonomy":"category","embeddable":true,"href":"https:\/\/dgospel.com.br\/portal\/index.php\/wp-json\/wp\/v2\/categories?post=15955"},{"taxonomy":"post_tag","embeddable":true,"href":"https:\/\/dgospel.com.br\/portal\/index.php\/wp-json\/wp\/v2\/tags?post=15955"}],"curies":[{"name":"wp","href":"https:\/\/api.w.org\/{rel}","templated":true}]}}