{"id":15963,"date":"2023-05-31T09:16:39","date_gmt":"2023-05-31T12:16:39","guid":{"rendered":"http:\/\/dgospel.com.br\/portal\/?p=15963"},"modified":"2023-05-31T09:16:40","modified_gmt":"2023-05-31T12:16:40","slug":"nao-e-narrativa-e-real-diz-huck-sobre-ditadura-de-maduro","status":"publish","type":"post","link":"https:\/\/dgospel.com.br\/portal\/index.php\/2023\/05\/31\/nao-e-narrativa-e-real-diz-huck-sobre-ditadura-de-maduro\/","title":{"rendered":"\u201cN\u00e3o \u00e9 narrativa, \u00e9 real\u201d, diz Huck sobre ditadura de Maduro"},"content":{"rendered":"\n<p>O apresentador Luciano Huck usou as redes sociais para denunciar as mazelas da ditadura venezuelana enquanto o l\u00edder do pa\u00eds vizinho, Nicol\u00e1s Maduro, se encontra no Brasil a convite do presidente brasileiro Luiz In\u00e1cio Lula da Silva (PT).<\/p>\n\n\n\n<p>Por meio de postagem no Twitter, Huck afirmou ter visto com seus pr\u00f3prios olhos a situa\u00e7\u00e3o de fam\u00edlias venezuelanas refugiadas na fronteira com o Brasil.<\/p>\n\n\n\n<p>Segundo o comunicador, n\u00e3o se trata de uma mera \u201cnarrativa\u201d, e a democracia de fato est\u00e1 sendo violada no pa\u00eds dirigido por Maduro.<\/p>\n\n\n\n<p>\u2013 Ningu\u00e9m me contou. Fui l\u00e1 e vi. Estive na fronteira e conversei com dezenas de fam\u00edlias nos campos de acolhimento fugindo da ditatura venezuelana. N\u00e3o \u00e9 s\u00f3 uma narrativa. \u00c9 real e n\u00e3o tem nada a ver com democracia \u2013 escreveu ele no Twitter.<\/p>\n\n\n\n<p>O l\u00edder venezuelano desembarcou em Bras\u00edlia na noite do \u00faltimo domingo (28) ao lado de sua esposa, a primeira-dama Cilia Flores. Nesta segunda-feira (29), ele encontrou-se com Lula no Pal\u00e1cio do Planalto para uma reuni\u00e3o bilateral e almo\u00e7ou no Pal\u00e1cio do Itamaraty. Os dois chefes de Estado fizeram uma declara\u00e7\u00e3o conjunta, e o petista descreveu a visita de Maduro como um \u201cmomento hist\u00f3rico\u201d.<\/p>\n\n\n\n<p>\u2013 Eu queria dizer a alegria deste momento hist\u00f3rico que estamos vivendo agora. Depois de oito anos, o presidente Maduro volta ao Brasil e n\u00f3s recuperamos o direito de fazer pol\u00edtica de rela\u00e7\u00f5es internacionais com a sinceridade que sempre fizemos e a Venezuela sempre foi um parceiro excepcional para o Brasil \u2013 assinalou Lula.<\/p>\n\n\n\n<p>Nesta ter\u00e7a-feira (30), Maduro participa da c\u00fapula promovida por Lula com os demais l\u00edderes da Am\u00e9rica Latina, tamb\u00e9m no Itamaraty.<\/p>\n","protected":false},"excerpt":{"rendered":"<p>O apresentador Luciano Huck usou as redes sociais para denunciar as mazelas da ditadura venezuelana enquanto o l\u00edder do pa\u00eds vizinho, Nicol\u00e1s Maduro, se encontra no Brasil a convite do presidente brasileiro Luiz In\u00e1cio Lula da Silva (PT). Por meio de postagem no Twitter, Huck afirmou ter visto com seus pr\u00f3prios olhos a situa\u00e7\u00e3o de [&hellip;]<\/p>\n","protected":false},"author":2,"featured_media":15964,"comment_status":"open","ping_status":"open","sticky":false,"template":"","format":"standard","meta":[],"categories":[10],"tags":[],"_links":{"self":[{"href":"https:\/\/dgospel.com.br\/portal\/index.php\/wp-json\/wp\/v2\/posts\/15963"}],"collection":[{"href":"https:\/\/dgospel.com.br\/portal\/index.php\/wp-json\/wp\/v2\/posts"}],"about":[{"href":"https:\/\/dgospel.com.br\/portal\/index.php\/wp-json\/wp\/v2\/types\/post"}],"author":[{"embeddable":true,"href":"https:\/\/dgospel.com.br\/portal\/index.php\/wp-json\/wp\/v2\/users\/2"}],"replies":[{"embeddable":true,"href":"https:\/\/dgospel.com.br\/portal\/index.php\/wp-json\/wp\/v2\/comments?post=15963"}],"version-history":[{"count":1,"href":"https:\/\/dgospel.com.br\/portal\/index.php\/wp-json\/wp\/v2\/posts\/15963\/revisions"}],"predecessor-version":[{"id":15965,"href":"https:\/\/dgospel.com.br\/portal\/index.php\/wp-json\/wp\/v2\/posts\/15963\/revisions\/15965"}],"wp:featuredmedia":[{"embeddable":true,"href":"https:\/\/dgospel.com.br\/portal\/index.php\/wp-json\/wp\/v2\/media\/15964"}],"wp:attachment":[{"href":"https:\/\/dgospel.com.br\/portal\/index.php\/wp-json\/wp\/v2\/media?parent=15963"}],"wp:term":[{"taxonomy":"category","embeddable":true,"href":"https:\/\/dgospel.com.br\/portal\/index.php\/wp-json\/wp\/v2\/categories?post=15963"},{"taxonomy":"post_tag","embeddable":true,"href":"https:\/\/dgospel.com.br\/portal\/index.php\/wp-json\/wp\/v2\/tags?post=15963"}],"curies":[{"name":"wp","href":"https:\/\/api.w.org\/{rel}","templated":true}]}}