{"id":15969,"date":"2023-05-31T09:23:01","date_gmt":"2023-05-31T12:23:01","guid":{"rendered":"http:\/\/dgospel.com.br\/portal\/?p=15969"},"modified":"2023-05-31T09:23:02","modified_gmt":"2023-05-31T12:23:02","slug":"presidente-do-chile-rebate-lula-sobre-venezuela-nao-e-uma-narrativa","status":"publish","type":"post","link":"https:\/\/dgospel.com.br\/portal\/index.php\/2023\/05\/31\/presidente-do-chile-rebate-lula-sobre-venezuela-nao-e-uma-narrativa\/","title":{"rendered":"Presidente do Chile rebate Lula sobre Venezuela: \u201cN\u00e3o \u00e9 uma narrativa\u201d"},"content":{"rendered":"\n<p>O presidente do Chile, Gabriel Boric, criticou a fala do presidente brasileiro, Luiz In\u00e1cio Lula da Silva (PT), sobre a Venezuela. Defendendo Nicol\u00e1s Maduro, o petista declarou que a cr\u00edtica ao governo ditatorial \u00e9 \u201cuma narrativa\u201d.<\/p>\n\n\n\n<p>\u00c0 imprensa, Boric discordou da fala de Lula e declarou que a crise na Venezuela \u00e9 \u201ccoisa s\u00e9ria\u201d. O mandat\u00e1rio chileno ainda falou que teve a oportunidade de conhecer venezuelanos que fugiram de seu pa\u00eds e foram buscar abrigo no Chile.<\/p>\n\n\n\n<p>\u2013 N\u00e3o \u00e9 uma constru\u00e7\u00e3o narrativa. \u00c9 uma realidade, \u00e9 s\u00e9ria. Tive a oportunidade de v\u00ea-la nos olhos e na dor de centenas de milhares de venezuelanos que hoje vivem em nosso pa\u00eds \u2013 declarou Boric.<\/p>\n\n\n\n<p>E continuou:<\/p>\n\n\n\n<p>\u2013 Nos alegra que a Venezuela retorne \u00e0s inst\u00e2ncias multilaterais. Mas isso n\u00e3o significa fazer vista grossa. H\u00e1 uma discrep\u00e2ncia entre a realidade e as declara\u00e7\u00f5es do presidente Lula.<\/p>\n\n\n\n<p>Boric ainda defende a garantia de direitos e falou sobre o processo eleitoral que acontecer\u00e1 na Venezuela no pr\u00f3ximo ano.<\/p>\n\n\n\n<p><strong>ASSISTA NO LINK:<\/strong><\/p>\n\n\n\n<p><blockquote class=\"twitter-tweet\" data-width=\"550\" data-dnt=\"true\"><p lang=\"es\" dir=\"ltr\">Arremetida del presidente de Chile, Gabriel Boric, contra el presidente de Venezuela, Nicol\u00e1s Maduro, y cr\u00edtica al presidente de Brasil, Luiz In\u00e1cio Lula da Silva, por decir que la dictadura en ese pa\u00eds es una construcci\u00f3n narrativa. \u201cComo presidente de izquierda pienso que era\u2026 <a href=\"https:\/\/t.co\/jQElL3svGr\">pic.twitter.com\/jQElL3svGr<\/a><\/p>&mdash; BluRadio Colombia (@BluRadioCo) <a href=\"https:\/\/twitter.com\/BluRadioCo\/status\/1663629350078390272?ref_src=twsrc%5Etfw\">May 30, 2023<\/a><\/blockquote><script async src=\"https:\/\/platform.twitter.com\/widgets.js\" charset=\"utf-8\"><\/script><\/p>\n","protected":false},"excerpt":{"rendered":"<p>O presidente do Chile, Gabriel Boric, criticou a fala do presidente brasileiro, Luiz In\u00e1cio Lula da Silva (PT), sobre a Venezuela. Defendendo Nicol\u00e1s Maduro, o petista declarou que a cr\u00edtica ao governo ditatorial \u00e9 \u201cuma narrativa\u201d. \u00c0 imprensa, Boric discordou da fala de Lula e declarou que a crise na Venezuela \u00e9 \u201ccoisa s\u00e9ria\u201d. O [&hellip;]<\/p>\n","protected":false},"author":2,"featured_media":15970,"comment_status":"open","ping_status":"open","sticky":false,"template":"","format":"standard","meta":[],"categories":[16],"tags":[],"_links":{"self":[{"href":"https:\/\/dgospel.com.br\/portal\/index.php\/wp-json\/wp\/v2\/posts\/15969"}],"collection":[{"href":"https:\/\/dgospel.com.br\/portal\/index.php\/wp-json\/wp\/v2\/posts"}],"about":[{"href":"https:\/\/dgospel.com.br\/portal\/index.php\/wp-json\/wp\/v2\/types\/post"}],"author":[{"embeddable":true,"href":"https:\/\/dgospel.com.br\/portal\/index.php\/wp-json\/wp\/v2\/users\/2"}],"replies":[{"embeddable":true,"href":"https:\/\/dgospel.com.br\/portal\/index.php\/wp-json\/wp\/v2\/comments?post=15969"}],"version-history":[{"count":1,"href":"https:\/\/dgospel.com.br\/portal\/index.php\/wp-json\/wp\/v2\/posts\/15969\/revisions"}],"predecessor-version":[{"id":15971,"href":"https:\/\/dgospel.com.br\/portal\/index.php\/wp-json\/wp\/v2\/posts\/15969\/revisions\/15971"}],"wp:featuredmedia":[{"embeddable":true,"href":"https:\/\/dgospel.com.br\/portal\/index.php\/wp-json\/wp\/v2\/media\/15970"}],"wp:attachment":[{"href":"https:\/\/dgospel.com.br\/portal\/index.php\/wp-json\/wp\/v2\/media?parent=15969"}],"wp:term":[{"taxonomy":"category","embeddable":true,"href":"https:\/\/dgospel.com.br\/portal\/index.php\/wp-json\/wp\/v2\/categories?post=15969"},{"taxonomy":"post_tag","embeddable":true,"href":"https:\/\/dgospel.com.br\/portal\/index.php\/wp-json\/wp\/v2\/tags?post=15969"}],"curies":[{"name":"wp","href":"https:\/\/api.w.org\/{rel}","templated":true}]}}