{"id":15978,"date":"2023-05-31T09:48:24","date_gmt":"2023-05-31T12:48:24","guid":{"rendered":"http:\/\/dgospel.com.br\/portal\/?p=15978"},"modified":"2023-05-31T09:48:25","modified_gmt":"2023-05-31T12:48:25","slug":"forcas-de-seguranca-do-tocantins-alinham-acoes-estrategicas-para-reduzir-a-violencia-em-palmas","status":"publish","type":"post","link":"https:\/\/dgospel.com.br\/portal\/index.php\/2023\/05\/31\/forcas-de-seguranca-do-tocantins-alinham-acoes-estrategicas-para-reduzir-a-violencia-em-palmas\/","title":{"rendered":"For\u00e7as de Seguran\u00e7a do Tocantins alinham a\u00e7\u00f5es estrat\u00e9gicas para reduzir a viol\u00eancia em Palmas"},"content":{"rendered":"\n<p>Em busca de efetivar a\u00e7\u00f5es estrat\u00e9gicas e integradas em um esfor\u00e7o conjunto para enfrentar casos de viol\u00eancia na Capital do Estado, Palmas, as pol\u00edcias Militar (PMTO) e Civil se reuniram nesta ter\u00e7a-feira, 30, no Quartel do Comando Geral da Pol\u00edcia Militar do Tocantins (QCG). O objetivo principal foi tra\u00e7ar um alinhamento para o trabalho integrado entre as pol\u00edcias, de forma a enfrentar os agravos na seguran\u00e7a da regi\u00e3o.<\/p>\n\n\n\n<p>O comandante-geral da Pol\u00edcia Militar, coronel M\u00e1rcio Barbosa, ressaltou que os crimes recentes ocorreram de forma espec\u00edfica em Palmas e que a integra\u00e7\u00e3o de a\u00e7\u00f5es se faz necess\u00e1ria. \u201cOs \u00edndices no Estado s\u00e3o bastante satisfat\u00f3rios, por\u00e9m, tem um problema pontual, que est\u00e1 nos crimes e nos homic\u00eddios na Capital. As pol\u00edcias [Militar e Civil] est\u00e3o unidas para tra\u00e7ar estrat\u00e9gias que possam solucionar essa problem\u00e1tica\u201d, informou.<\/p>\n\n\n\n<p>J\u00e1 o secret\u00e1rio de Estado da Seguran\u00e7a P\u00fablica, Wladimir Mota Oliveira, destacou a import\u00e2ncia da investiga\u00e7\u00e3o criminal como forma de prevenir futuros crimes e tamb\u00e9m refor\u00e7ou o trabalho conjunto. \u201c\u00c9 imprescind\u00edvel cada vez mais que as For\u00e7as de Seguran\u00e7a atuem de forma integrada, ao compartilhar informa\u00e7\u00f5es e realizar opera\u00e7\u00f5es conjuntas, para que possamos dar uma resposta mais r\u00e1pida \u00e0 sociedade, devolvendo a sensa\u00e7\u00e3o de seguran\u00e7a e contribuindo para uma cultura de paz. A Pol\u00edcia Civil est\u00e1 empenhada em combater o crime organizado e, com o aux\u00edlio da PM, vamos conseguir dar a resposta que a sociedade deseja\u201d, destacou.<\/p>\n\n\n\n<p>Na reuni\u00e3o, foram discutidas diversas medidas para fortalecer a seguran\u00e7a em Palmas, pontos em comum entre as for\u00e7as para maior assertividade, subdivis\u00e3o de compet\u00eancias, alinhamento estrat\u00e9gico entre as delegacias e os batalh\u00f5es de pol\u00edcias para os trabalhos em toda a regi\u00e3o da Capital.<\/p>\n\n\n\n<p><strong>A\u00e7\u00f5es na seguran\u00e7a<\/strong><\/p>\n\n\n\n<p>A seguran\u00e7a p\u00fablica \u00e9 uma prioridade do Governo do Tocantins, que tem realizado importantes investimentos nas for\u00e7as de seguran\u00e7a. Como a forma\u00e7\u00e3o de 958 novos policiais militares, al\u00e9m da implanta\u00e7\u00e3o do programa&nbsp;<em>TO Mais Seguro<\/em>, que fortalece as atividades de policiamento ostensivo, executadas pela Pol\u00edcia Militar do Estado. Com o programa, as for\u00e7as militares est\u00e3o recebendo novos equipamentos para modernizar os atendimentos \u00e0s ocorr\u00eancias, com a distribui\u00e7\u00e3o de kits Destacamentos, por meio do Comando de Policiamento da Capital e do Interior.<\/p>\n\n\n\n<p>O Kit Destacamento \u00e9 composto por viaturas, equipamentos de inform\u00e1tica e de comunica\u00e7\u00e3o, al\u00e9m dos armamentos e coletes bal\u00edsticos. A distribui\u00e7\u00e3o dos kits e a entrada em servi\u00e7o dos novos policiais formados est\u00e3o possibilitando a reativa\u00e7\u00e3o de 81 destacamentos, garantindo a presen\u00e7a efetiva da Pol\u00edcia Militar e ainda a digitaliza\u00e7\u00e3o do servi\u00e7o operacional, que vem sendo implantado e executado pela corpora\u00e7\u00e3o h\u00e1 quase dois anos.<\/p>\n\n\n\n<p>Al\u00e9m disso, a Secretaria de Estado da Seguran\u00e7a P\u00fablica vem fortalecendo suas a\u00e7\u00f5es e realizando parcerias que promovam a celeridade no servi\u00e7o de investiga\u00e7\u00e3o, como por exemplo a parceria com a Secretaria de Estado da Cidadania e Justi\u00e7a (Seciju), por meio do Termo de Coopera\u00e7\u00e3o T\u00e9cnica para compartilhamento e integra\u00e7\u00e3o das bases de dados. A Pol\u00edcia Civil tamb\u00e9m foi modernizada com novos equipamentos de inform\u00e1tica e novas viaturas nas delegacias especializadas. Outra prioridade implementada est\u00e1 na capacita\u00e7\u00e3o e na qualifica\u00e7\u00e3o constante dos agentes que atuam no combate ao crime.<\/p>\n\n\n\n<p><img src=\"https:\/\/central.to.gov.br\/image\/332300?w=670&amp;h=383\"><\/p>\n\n\n\n<p>Pol\u00edcias Civil e Militar v\u00e3o atuar de forma integrada, com opera\u00e7\u00f5es conjuntas em combate ao crime &#8211; Ademir dos Anjos\/Governo do Tocantins&nbsp;<a href=\"https:\/\/central.to.gov.br\/image\/332300?f=1\" target=\"_blank\" rel=\"noreferrer noopener\"><em>f<\/em><\/a><\/p>\n","protected":false},"excerpt":{"rendered":"<p>Em busca de efetivar a\u00e7\u00f5es estrat\u00e9gicas e integradas em um esfor\u00e7o conjunto para enfrentar casos de viol\u00eancia na Capital do Estado, Palmas, as pol\u00edcias Militar (PMTO) e Civil se reuniram nesta ter\u00e7a-feira, 30, no Quartel do Comando Geral da Pol\u00edcia Militar do Tocantins (QCG). O objetivo principal foi tra\u00e7ar um alinhamento para o trabalho integrado [&hellip;]<\/p>\n","protected":false},"author":2,"featured_media":15979,"comment_status":"open","ping_status":"open","sticky":false,"template":"","format":"standard","meta":[],"categories":[3],"tags":[13],"_links":{"self":[{"href":"https:\/\/dgospel.com.br\/portal\/index.php\/wp-json\/wp\/v2\/posts\/15978"}],"collection":[{"href":"https:\/\/dgospel.com.br\/portal\/index.php\/wp-json\/wp\/v2\/posts"}],"about":[{"href":"https:\/\/dgospel.com.br\/portal\/index.php\/wp-json\/wp\/v2\/types\/post"}],"author":[{"embeddable":true,"href":"https:\/\/dgospel.com.br\/portal\/index.php\/wp-json\/wp\/v2\/users\/2"}],"replies":[{"embeddable":true,"href":"https:\/\/dgospel.com.br\/portal\/index.php\/wp-json\/wp\/v2\/comments?post=15978"}],"version-history":[{"count":1,"href":"https:\/\/dgospel.com.br\/portal\/index.php\/wp-json\/wp\/v2\/posts\/15978\/revisions"}],"predecessor-version":[{"id":15980,"href":"https:\/\/dgospel.com.br\/portal\/index.php\/wp-json\/wp\/v2\/posts\/15978\/revisions\/15980"}],"wp:featuredmedia":[{"embeddable":true,"href":"https:\/\/dgospel.com.br\/portal\/index.php\/wp-json\/wp\/v2\/media\/15979"}],"wp:attachment":[{"href":"https:\/\/dgospel.com.br\/portal\/index.php\/wp-json\/wp\/v2\/media?parent=15978"}],"wp:term":[{"taxonomy":"category","embeddable":true,"href":"https:\/\/dgospel.com.br\/portal\/index.php\/wp-json\/wp\/v2\/categories?post=15978"},{"taxonomy":"post_tag","embeddable":true,"href":"https:\/\/dgospel.com.br\/portal\/index.php\/wp-json\/wp\/v2\/tags?post=15978"}],"curies":[{"name":"wp","href":"https:\/\/api.w.org\/{rel}","templated":true}]}}