{"id":1598,"date":"2018-10-16T12:12:01","date_gmt":"2018-10-16T15:12:01","guid":{"rendered":"http:\/\/dgospel.com.br\/portal\/?p=1598"},"modified":"2018-10-16T12:12:01","modified_gmt":"2018-10-16T15:12:01","slug":"mauro-carlesse-vistoria-andamento-de-obras-da-avenida-ns-15","status":"publish","type":"post","link":"https:\/\/dgospel.com.br\/portal\/index.php\/2018\/10\/16\/mauro-carlesse-vistoria-andamento-de-obras-da-avenida-ns-15\/","title":{"rendered":"Mauro Carlesse vistoria andamento de obras da Avenida NS-15"},"content":{"rendered":"<p>O governador Mauro Carlesse visitou, no in\u00edcio da tarde desta segunda-feira, 15, o trecho de sete quil\u00f4metros da Avenida NS-15, entre a Avenida Teot\u00f4nio Segurado e a rodovia TO-010, passando pelos bairros Santo Amaro e Lago Norte. A obra promete desviar o tr\u00e2nsito de ve\u00edculos pesados do centro de Palmas e tamb\u00e9m beneficiar os moradores da regi\u00e3o norte da Capital. A obra est\u00e1 or\u00e7ada em R$ 129 milh\u00f5es, recursos oriundos da Caixa Econ\u00f4mica Federal e do Governo do Estado.<\/p>\n<p>Essa \u00e9 a segunda visita do governador ao trecho. Segundo ele, essas visitas s\u00e3o importantes e fazem parte de sua forma de trabalhar. \u201cGosto de acompanhar de perto o andamento das obras, \u00e9 uma forma de fiscalizar o andamento, verificar a qualidade do que est\u00e1 sendo feito e garantir que os recursos p\u00fablicos sejam bem empregados\u201d, ressaltou. Quando conclu\u00edda, a NS-15 contar\u00e1 com 17 quil\u00f4metros de extens\u00e3o, dos quais 14 quil\u00f4metros ser\u00e3o de pista dupla, e vai interligar \u00e0 LO-13 e, automaticamente, \u00e0s rodovias TO-050, 010 e 080.<\/p>\n<p>As obras do trecho visitado pelo governador est\u00e3o bem adiantadas e envolvem servi\u00e7os de drenagem e terraplanagem. As obras estavam paradas desde 2017 e foram retomadas ainda no m\u00eas de maio deste ano. Os servi\u00e7os envolvem desde drenagem, terraplanagem, pavimenta\u00e7\u00e3o asf\u00e1ltica, sinaliza\u00e7\u00e3o, passeios com acessibilidade, urbaniza\u00e7\u00e3o, cal\u00e7ada para pedestre, ciclovia e ilumina\u00e7\u00e3o p\u00fablica, al\u00e9m da constru\u00e7\u00e3o de duas pontes de concreto, entre outros servi\u00e7os.<\/p>\n","protected":false},"excerpt":{"rendered":"<p>O governador Mauro Carlesse visitou, no in\u00edcio da tarde desta segunda-feira, 15, o trecho de sete quil\u00f4metros da Avenida NS-15, entre a Avenida Teot\u00f4nio Segurado e a rodovia TO-010, passando pelos bairros Santo Amaro e Lago Norte. A obra promete desviar o tr\u00e2nsito de ve\u00edculos pesados do centro de Palmas e tamb\u00e9m beneficiar os moradores [&hellip;]<\/p>\n","protected":false},"author":2,"featured_media":1599,"comment_status":"open","ping_status":"open","sticky":false,"template":"","format":"standard","meta":[],"categories":[2,3],"tags":[],"_links":{"self":[{"href":"https:\/\/dgospel.com.br\/portal\/index.php\/wp-json\/wp\/v2\/posts\/1598"}],"collection":[{"href":"https:\/\/dgospel.com.br\/portal\/index.php\/wp-json\/wp\/v2\/posts"}],"about":[{"href":"https:\/\/dgospel.com.br\/portal\/index.php\/wp-json\/wp\/v2\/types\/post"}],"author":[{"embeddable":true,"href":"https:\/\/dgospel.com.br\/portal\/index.php\/wp-json\/wp\/v2\/users\/2"}],"replies":[{"embeddable":true,"href":"https:\/\/dgospel.com.br\/portal\/index.php\/wp-json\/wp\/v2\/comments?post=1598"}],"version-history":[{"count":1,"href":"https:\/\/dgospel.com.br\/portal\/index.php\/wp-json\/wp\/v2\/posts\/1598\/revisions"}],"predecessor-version":[{"id":1600,"href":"https:\/\/dgospel.com.br\/portal\/index.php\/wp-json\/wp\/v2\/posts\/1598\/revisions\/1600"}],"wp:featuredmedia":[{"embeddable":true,"href":"https:\/\/dgospel.com.br\/portal\/index.php\/wp-json\/wp\/v2\/media\/1599"}],"wp:attachment":[{"href":"https:\/\/dgospel.com.br\/portal\/index.php\/wp-json\/wp\/v2\/media?parent=1598"}],"wp:term":[{"taxonomy":"category","embeddable":true,"href":"https:\/\/dgospel.com.br\/portal\/index.php\/wp-json\/wp\/v2\/categories?post=1598"},{"taxonomy":"post_tag","embeddable":true,"href":"https:\/\/dgospel.com.br\/portal\/index.php\/wp-json\/wp\/v2\/tags?post=1598"}],"curies":[{"name":"wp","href":"https:\/\/api.w.org\/{rel}","templated":true}]}}