{"id":15990,"date":"2023-05-31T22:05:23","date_gmt":"2023-06-01T01:05:23","guid":{"rendered":"http:\/\/dgospel.com.br\/portal\/?p=15990"},"modified":"2023-05-31T22:05:24","modified_gmt":"2023-06-01T01:05:24","slug":"comissao-da-camara-aprova-mocao-de-repudio-a-maduro","status":"publish","type":"post","link":"https:\/\/dgospel.com.br\/portal\/index.php\/2023\/05\/31\/comissao-da-camara-aprova-mocao-de-repudio-a-maduro\/","title":{"rendered":"Comiss\u00e3o da C\u00e2mara aprova mo\u00e7\u00e3o de rep\u00fadio a Maduro"},"content":{"rendered":"\n<p>A Comiss\u00e3o de Rela\u00e7\u00f5es Exteriores e Defesa Nacional (CREDN), da C\u00e2mara dos Deputados, aprovou, nesta quarta-feira (31), uma mo\u00e7\u00e3o de rep\u00fadio \u00e0 visita oficial ao Brasil do ditador da Venezuela, Nicol\u00e1s Maduro.<\/p>\n\n\n\n<p>O requerimento foi apresentado pelo deputado federal Marcel van Hattem (Novo-RS) e recebeu 21 votos dos integrantes da CREDN. Deputados de partidos de esquerda votaram contra.<\/p>\n\n\n\n<p>Na justificativa da mo\u00e7\u00e3o de rep\u00fadio, van Hattem afirma que a visita \u201csinaliza grave mensagem do nosso pa\u00eds no cen\u00e1rio pol\u00edtico internacional\u201d e demonstra \u201comiss\u00e3o e complac\u00eancia do atual governo brasileiro com o regime ditatorial, corrupto e opressor\u201d que Maduro mant\u00e9m na Venezuela.<\/p>\n\n\n\n<p>O texto fala sobre casos mundialmente conhecidos de viola\u00e7\u00f5es de direitos humanos, persegui\u00e7\u00e3o pol\u00edtica, deten\u00e7\u00f5es arbitr\u00e1rias, tortura, tratamento cruel e desumano, principalmente a seus opositores, restri\u00e7\u00f5es \u00e0 liberdade de express\u00e3o e imprensa e da eros\u00e3o da independ\u00eancia do Judici\u00e1rio.<\/p>\n\n\n\n<p>\u2013 Diante desses fatos, expressamos nossa total indigna\u00e7\u00e3o e rep\u00fadio ao ditador Nicol\u00e1s Maduro e seu governo, que t\u00eam ignorado as demandas da popula\u00e7\u00e3o venezuelana por liberdade, democracia e prosperidade econ\u00f4mica. \u00c9 preocupante que nosso atual governo esteja abrindo, cada vez mais, di\u00e1logo com um presidente que, a um s\u00f3 tempo, desrespeita seu povo e os sagrados ditames da democracia constitucional amplamente defendida pelo Ocidente \u2013 diz parte do requerimento.<\/p>\n","protected":false},"excerpt":{"rendered":"<p>A Comiss\u00e3o de Rela\u00e7\u00f5es Exteriores e Defesa Nacional (CREDN), da C\u00e2mara dos Deputados, aprovou, nesta quarta-feira (31), uma mo\u00e7\u00e3o de rep\u00fadio \u00e0 visita oficial ao Brasil do ditador da Venezuela, Nicol\u00e1s Maduro. O requerimento foi apresentado pelo deputado federal Marcel van Hattem (Novo-RS) e recebeu 21 votos dos integrantes da CREDN. Deputados de partidos de [&hellip;]<\/p>\n","protected":false},"author":2,"featured_media":15991,"comment_status":"open","ping_status":"open","sticky":false,"template":"","format":"standard","meta":[],"categories":[8],"tags":[],"_links":{"self":[{"href":"https:\/\/dgospel.com.br\/portal\/index.php\/wp-json\/wp\/v2\/posts\/15990"}],"collection":[{"href":"https:\/\/dgospel.com.br\/portal\/index.php\/wp-json\/wp\/v2\/posts"}],"about":[{"href":"https:\/\/dgospel.com.br\/portal\/index.php\/wp-json\/wp\/v2\/types\/post"}],"author":[{"embeddable":true,"href":"https:\/\/dgospel.com.br\/portal\/index.php\/wp-json\/wp\/v2\/users\/2"}],"replies":[{"embeddable":true,"href":"https:\/\/dgospel.com.br\/portal\/index.php\/wp-json\/wp\/v2\/comments?post=15990"}],"version-history":[{"count":1,"href":"https:\/\/dgospel.com.br\/portal\/index.php\/wp-json\/wp\/v2\/posts\/15990\/revisions"}],"predecessor-version":[{"id":15992,"href":"https:\/\/dgospel.com.br\/portal\/index.php\/wp-json\/wp\/v2\/posts\/15990\/revisions\/15992"}],"wp:featuredmedia":[{"embeddable":true,"href":"https:\/\/dgospel.com.br\/portal\/index.php\/wp-json\/wp\/v2\/media\/15991"}],"wp:attachment":[{"href":"https:\/\/dgospel.com.br\/portal\/index.php\/wp-json\/wp\/v2\/media?parent=15990"}],"wp:term":[{"taxonomy":"category","embeddable":true,"href":"https:\/\/dgospel.com.br\/portal\/index.php\/wp-json\/wp\/v2\/categories?post=15990"},{"taxonomy":"post_tag","embeddable":true,"href":"https:\/\/dgospel.com.br\/portal\/index.php\/wp-json\/wp\/v2\/tags?post=15990"}],"curies":[{"name":"wp","href":"https:\/\/api.w.org\/{rel}","templated":true}]}}