{"id":15999,"date":"2023-06-01T12:10:47","date_gmt":"2023-06-01T15:10:47","guid":{"rendered":"http:\/\/dgospel.com.br\/portal\/?p=15999"},"modified":"2023-06-02T09:49:05","modified_gmt":"2023-06-02T12:49:05","slug":"lira-lula-tera-que-andar-com-suas-pernas-mais-gastos-luxuosos-de-lula-e-janja-na-coroacao-do-rei-charles-iii-nicolas-sobre-lula-tchuchuca-de-ditadores-arthur-v","status":"publish","type":"post","link":"https:\/\/dgospel.com.br\/portal\/index.php\/2023\/06\/01\/lira-lula-tera-que-andar-com-suas-pernas-mais-gastos-luxuosos-de-lula-e-janja-na-coroacao-do-rei-charles-iii-nicolas-sobre-lula-tchuchuca-de-ditadores-arthur-v\/","title":{"rendered":"Direto ao ponto:  Lira: \u201cLula ter\u00e1 que andar com suas pernas\u201d; Mais gastos luxuosos de Lula e Janja na coroa\u00e7\u00e3o do rei Charles III; Nicolas sobre Lula: \u201cTchuchuca de ditadores\u201d; Arthur Virg\u00edlio sobre Lula: \u201cVingativo, perverso, mesquinho, cheio de tramas antidemocr\u00e1ticas e promiscuidades\u201d; O Globo sobre presidente Lula: \u201cEm que planeta ele vive?\u201d"},"content":{"rendered":"\n<p><strong>Lira: \u201cLula ter\u00e1 que andar com suas pernas\u201d<\/strong><\/p>\n\n\n\n<p>No \u00faltimo pronunciamento ap\u00f3s a aprova\u00e7\u00e3o da Medida Provis\u00f3ria dos Minist\u00e9rios na C\u00e2mara dos Deputados, o presidente da Casa, Arthur Lira (PP-AL), fez declara\u00e7\u00f5es enfatizando a necessidade do governo Lula \u201candar por suas pr\u00f3prias pernas\u201d a partir de agora. A MP, que obteve 337 votos apoiados e 125 contr\u00e1rios, segue agora para o Senado.<\/p>\n\n\n\n<p><strong>Mais gastos luxuosos de Lula e Janja na coroa\u00e7\u00e3o do rei Charles III<\/strong><\/p>\n\n\n\n<p>Al\u00e9m do&nbsp;aluguel de 57 quartos no hotel de luxo JW Marriot Grosvenor House, em Londres, no valor de R$ 1,3 milh\u00e3o,&nbsp;o presidente Lula e a primeira-dama Janja tiveram outras despesas altas para comparecer \u00e0 coroa\u00e7\u00e3o do rei Charles, no in\u00edcio deste m\u00eas. Segundo dados da Lei de Acesso \u00e0 Informa\u00e7\u00e3o, Lula e Janja alugaram ve\u00edculos por US$ 250,9 mil (R$ 1,2 milh\u00e3o). Al\u00e9m disso, gastaram cerca de US$ 30 mil (R$ 150 mil) com \u201csalas de apoio\u201d. O governo n\u00e3o diz de quantos carros precisou ou para o que seriam os espa\u00e7os utilizados.<\/p>\n\n\n\n<p><strong>Nicolas sobre Lula: \u201cTchuchuca de ditadores\u201d<\/strong><\/p>\n\n\n\n<p>Em um discurso incisivo durante uma sess\u00e3o da C\u00e2mara dos Deputados, o Deputado Federal Nicolas Ferreira, do Partido Liberal (PL) de Minas Gerais, fez duras cr\u00edticas ao presidente Lula e expressou seu apoio a uma Mo\u00e7\u00e3o de Rep\u00fadio ao presidente da Venezuela, Nicol\u00e1s Maduro. Durante seu discurso, Ferreira n\u00e3o poupou palavras ao se referir ao ex-presidente Lula, chamando-o de \u201cTchutchuca de ditadores\u201d. Essa express\u00e3o pejorativa sugere uma cr\u00edtica \u00e0 suposta simpatia de Lula em rela\u00e7\u00e3o a l\u00edderes autorit\u00e1rios, como Maduro.<\/p>\n\n\n\n<p><strong>Arthur Virg\u00edlio sobre Lula: \u201cVingativo, perverso, mesquinho, cheio de tramas antidemocr\u00e1ticas e promiscuidades\u201d<\/strong><\/p>\n\n\n\n<p>O ex-ministro-chefe da Secretaria Geral da Presid\u00eancia da Rep\u00fablica durante o governo FHC, Arthur Virg\u00edlio Neto (sem partido), expressou duras cr\u00edticas ao presidente Luiz In\u00e1cio Lula da Silva (PT) por sua gest\u00e3o caracterizada por \u201ctramas antidemocr\u00e1ticos\u201d.&nbsp; \u201cVingativo, perverso, mesquinho, cheio de tramas antidemocr\u00e1ticas e promiscuidades fora das quatro linhas do respeito ao Brasil. Neste momento, trama atrav\u00e9s de prepostos, tornar Bolsonaro ineleg\u00edvel. Erro infantill, porque o julgamento duro ao seu desgoverno, seria impiedoso em 2026! Anotem!<\/p>\n\n\n\n<p><strong>O Globo sobre presidente Lula: \u201cEm que planeta ele vive?\u201d<\/strong><\/p>\n\n\n\n<p>Nesta quarta-feira (31), o jornal O Globo engrossou a enxurrada de cr\u00edticas que o presidente Luiz In\u00e1cio Lula da Silva (PT) vem recebendo pelas honrarias \u201cefusivas\u201d ao ditador da Venezuela, Nicol\u00e1s Maduro. Em editorial, o ve\u00edculo questionou em que \u201cplaneta\u201d o petista vive e classificou o seu discurso como \u201crecheado de incoer\u00eancia e exagero\u201d.<\/p>\n\n\n\n<p><\/p>\n\n\n\n<figure class=\"wp-block-image size-large\"><img loading=\"lazy\" width=\"954\" height=\"1024\" src=\"http:\/\/dgospel.com.br\/portal\/wp-content\/uploads\/2023\/06\/20200829_135849-954x1024.jpg\" alt=\"\" class=\"wp-image-16002\" srcset=\"https:\/\/dgospel.com.br\/portal\/wp-content\/uploads\/2023\/06\/20200829_135849-954x1024.jpg 954w, https:\/\/dgospel.com.br\/portal\/wp-content\/uploads\/2023\/06\/20200829_135849-280x300.jpg 280w, https:\/\/dgospel.com.br\/portal\/wp-content\/uploads\/2023\/06\/20200829_135849-768x824.jpg 768w, https:\/\/dgospel.com.br\/portal\/wp-content\/uploads\/2023\/06\/20200829_135849-1431x1536.jpg 1431w, https:\/\/dgospel.com.br\/portal\/wp-content\/uploads\/2023\/06\/20200829_135849-161x172.jpg 161w, https:\/\/dgospel.com.br\/portal\/wp-content\/uploads\/2023\/06\/20200829_135849.jpg 1515w\" sizes=\"(max-width: 954px) 100vw, 954px\" \/><figcaption>Josivan Putencio Gomes \u00e9 jornalista, diretor do site Di\u00e1rio Gospel <\/figcaption><\/figure>\n\n\n\n<h1>&nbsp;<\/h1>\n","protected":false},"excerpt":{"rendered":"<p>Lira: \u201cLula ter\u00e1 que andar com suas pernas\u201d No \u00faltimo pronunciamento ap\u00f3s a aprova\u00e7\u00e3o da Medida Provis\u00f3ria dos Minist\u00e9rios na C\u00e2mara dos Deputados, o presidente da Casa, Arthur Lira (PP-AL), fez declara\u00e7\u00f5es enfatizando a necessidade do governo Lula \u201candar por suas pr\u00f3prias pernas\u201d a partir de agora. A MP, que obteve 337 votos apoiados e [&hellip;]<\/p>\n","protected":false},"author":2,"featured_media":15598,"comment_status":"open","ping_status":"open","sticky":false,"template":"","format":"standard","meta":[],"categories":[11,12],"tags":[],"_links":{"self":[{"href":"https:\/\/dgospel.com.br\/portal\/index.php\/wp-json\/wp\/v2\/posts\/15999"}],"collection":[{"href":"https:\/\/dgospel.com.br\/portal\/index.php\/wp-json\/wp\/v2\/posts"}],"about":[{"href":"https:\/\/dgospel.com.br\/portal\/index.php\/wp-json\/wp\/v2\/types\/post"}],"author":[{"embeddable":true,"href":"https:\/\/dgospel.com.br\/portal\/index.php\/wp-json\/wp\/v2\/users\/2"}],"replies":[{"embeddable":true,"href":"https:\/\/dgospel.com.br\/portal\/index.php\/wp-json\/wp\/v2\/comments?post=15999"}],"version-history":[{"count":2,"href":"https:\/\/dgospel.com.br\/portal\/index.php\/wp-json\/wp\/v2\/posts\/15999\/revisions"}],"predecessor-version":[{"id":16003,"href":"https:\/\/dgospel.com.br\/portal\/index.php\/wp-json\/wp\/v2\/posts\/15999\/revisions\/16003"}],"wp:featuredmedia":[{"embeddable":true,"href":"https:\/\/dgospel.com.br\/portal\/index.php\/wp-json\/wp\/v2\/media\/15598"}],"wp:attachment":[{"href":"https:\/\/dgospel.com.br\/portal\/index.php\/wp-json\/wp\/v2\/media?parent=15999"}],"wp:term":[{"taxonomy":"category","embeddable":true,"href":"https:\/\/dgospel.com.br\/portal\/index.php\/wp-json\/wp\/v2\/categories?post=15999"},{"taxonomy":"post_tag","embeddable":true,"href":"https:\/\/dgospel.com.br\/portal\/index.php\/wp-json\/wp\/v2\/tags?post=15999"}],"curies":[{"name":"wp","href":"https:\/\/api.w.org\/{rel}","templated":true}]}}