{"id":16011,"date":"2023-06-02T11:24:03","date_gmt":"2023-06-02T14:24:03","guid":{"rendered":"http:\/\/dgospel.com.br\/portal\/?p=16011"},"modified":"2023-06-02T11:24:04","modified_gmt":"2023-06-02T14:24:04","slug":"governador-em-exercicio-laurez-moreira-prestigia-taquarucu-durante-o-capital-por-um-dia","status":"publish","type":"post","link":"https:\/\/dgospel.com.br\/portal\/index.php\/2023\/06\/02\/governador-em-exercicio-laurez-moreira-prestigia-taquarucu-durante-o-capital-por-um-dia\/","title":{"rendered":"Governador em exerc\u00edcio, Laurez Moreira, prestigia Taquaru\u00e7u durante o &#8220;Capital por um dia&#8221;"},"content":{"rendered":"\n<p>O governador em exerc\u00edcio, Laurez Moreira, prestigiou, na manh\u00e3 desta quinta-feira, 1\u00b0 de junho, o evento&nbsp;<em>Capital por um dia<\/em>, realizado anualmente em Taquaru\u00e7u, distrito a cerca de 30 km de Palmas. Fruto de emenda proposta pelo ent\u00e3o vereador da Capital e atual governador do Tocantins, Wanderlei Barbosa, Taquaru\u00e7u vira sede dos Poderes Legislativo e Executivo municipais todo ano, na mesma data, desde 2006.<\/p>\n\n\n\n<p>A transfer\u00eancia dos poderes \u00e9 determinada pelo artigo 3\u00b0 da Constitui\u00e7\u00e3o Estadual e pelo par\u00e1grafo segundo do artigo 1\u00b0 da Lei Org\u00e2nica Municipal (Emenda n\u00b0 53).<\/p>\n\n\n\n<p>Conforme Laurez Moreira, o dia 1\u00b0 de junho j\u00e1 \u00e9 hist\u00f3rico para a popula\u00e7\u00e3o tocantinense e Taquaru\u00e7u tem uma grande import\u00e2ncia para o Estado. &#8220;\u00c9 um prazer estar aqui, em uma data hist\u00f3rica para n\u00f3s e de uma import\u00e2ncia muito grande. Foi daqui que surgiu a grande capital, Palmas. Taquaru\u00e7u \u00e9 o embri\u00e3o que gera uma das mais belas capitais do pa\u00eds. Ent\u00e3o, todos n\u00f3s, tocantinenses, devemos muito \u00e0 Taquaru\u00e7u, principalmente por ser a terra do nosso governador Wanderlei Barbosa&#8221;, afirmou durante o evento, ao lembrar que seu companheiro no Executivo Estadual \u00e9 natural do distrito. Na ocasi\u00e3o, o vereador Marilon Barbosa, irm\u00e3o do governador Wanderlei Barbosa, recebeu as homenagens oferecidas a seu pai, Fenelon Barbosa, primeiro prefeito da Capital do Tocantins.&nbsp;<\/p>\n\n\n\n<p>A transfer\u00eancia \u00e9 um reconhecimento pelo distrito ter cedido sua condi\u00e7\u00e3o de munic\u00edpio para que Palmas fosse implantada, no dia 1\u00ba de janeiro de 1990. Na \u00e9poca, o ent\u00e3o prefeito de Taquaru\u00e7u do Porto, Fenelon Barbosa Sales, pai do governador Wanderlei Barbosa, e os nove vereadores do local realizaram a transfer\u00eancia da sede administrativa do munic\u00edpio para Palmas, contribuindo para constru\u00e7\u00e3o da nova Capital do Tocantins.<\/p>\n\n\n\n<p>A prefeita de Palmas, Cinthia Ribeiro, tamb\u00e9m classificou como hist\u00f3rico o evento, destacando a uni\u00e3o entre poderes como solu\u00e7\u00e3o para as demandas que aparecem. &#8220;\u00c9 um gesto de nobreza imenso que nasce na hist\u00f3ria do nosso Estado. Esse encontro entre executivo e legislativo municipal, com o legislativo e executivo estadual, al\u00e9m do legislativo federal, reverbera de forma positiva, n\u00e3o s\u00f3 para Palmas, mas para todos os 139 munic\u00edpios do Tocantins&#8221;, afirmou a gestora ao destacar a presen\u00e7a de deputados estaduais e do senado da Rep\u00fablica, Eduardo Gomes. &#8220;Andamos lado a lado, buscando levar o melhor para o povo tocantinense&#8221;, pontuou.<\/p>\n\n\n\n<p>As a\u00e7\u00f5es da manh\u00e3 se concentraram no Col\u00e9gio Municipal Crispim Alencar, onde ocorreu a abertura da sess\u00e3o legislativa que marca a transfer\u00eancia da Capital para Taquaru\u00e7u. Na ocasi\u00e3o, ocorreram apresenta\u00e7\u00f5es culturais e art\u00edsticas, assinatura de Ordens de Servi\u00e7o, entrega de t\u00edtulos de regulariza\u00e7\u00e3o fundi\u00e1ria para propriet\u00e1rios de terras, entre outras a\u00e7\u00f5es do legislativo e executivo municipal. O evento segue durante a tarde desta quinta-feira.<\/p>\n\n\n\n<p><img src=\"https:\/\/central.to.gov.br\/image\/332700?w=670&amp;h=383\"><\/p>\n\n\n\n<p>Para Laurez Moreira, o dia 1\u00b0 de junho j\u00e1 \u00e9 hist\u00f3rico para a popula\u00e7\u00e3o tocantinense e Taquaru\u00e7u representa uma grande import\u00e2ncia para o Estado &#8211; Tharson Lopes\/Governo do Tocantins\u00a0<\/p>\n\n\n\n<p><img src=\"https:\/\/central.to.gov.br\/image\/332699?w=670&amp;h=383\"><\/p>\n\n\n\n<p>A prefeita de Palmas, Cinthia Ribeiro, tamb\u00e9m classificou como hist\u00f3rico o evento, destacando a uni\u00e3o entre poderes &#8211; Tharson Lopes\/Governo do Tocantins\u00a0<\/p>\n\n\n\n<p><img src=\"https:\/\/central.to.gov.br\/image\/332698?w=670&amp;h=383\"><\/p>\n\n\n\n<p>As a\u00e7\u00f5es da manh\u00e3 se concentraram no Col\u00e9gio Municipal Crispim Alencar, onde ocorreu a abertura da sess\u00e3o legislativa que marca a transfer\u00eancia da Capital para Taquaru\u00e7u &#8211; Tharson Lopes\/Governo do Tocantins&nbsp;<\/p>\n","protected":false},"excerpt":{"rendered":"<p>O governador em exerc\u00edcio, Laurez Moreira, prestigiou, na manh\u00e3 desta quinta-feira, 1\u00b0 de junho, o evento&nbsp;Capital por um dia, realizado anualmente em Taquaru\u00e7u, distrito a cerca de 30 km de Palmas. Fruto de emenda proposta pelo ent\u00e3o vereador da Capital e atual governador do Tocantins, Wanderlei Barbosa, Taquaru\u00e7u vira sede dos Poderes Legislativo e Executivo [&hellip;]<\/p>\n","protected":false},"author":2,"featured_media":16012,"comment_status":"open","ping_status":"open","sticky":false,"template":"","format":"standard","meta":[],"categories":[3],"tags":[13],"_links":{"self":[{"href":"https:\/\/dgospel.com.br\/portal\/index.php\/wp-json\/wp\/v2\/posts\/16011"}],"collection":[{"href":"https:\/\/dgospel.com.br\/portal\/index.php\/wp-json\/wp\/v2\/posts"}],"about":[{"href":"https:\/\/dgospel.com.br\/portal\/index.php\/wp-json\/wp\/v2\/types\/post"}],"author":[{"embeddable":true,"href":"https:\/\/dgospel.com.br\/portal\/index.php\/wp-json\/wp\/v2\/users\/2"}],"replies":[{"embeddable":true,"href":"https:\/\/dgospel.com.br\/portal\/index.php\/wp-json\/wp\/v2\/comments?post=16011"}],"version-history":[{"count":1,"href":"https:\/\/dgospel.com.br\/portal\/index.php\/wp-json\/wp\/v2\/posts\/16011\/revisions"}],"predecessor-version":[{"id":16013,"href":"https:\/\/dgospel.com.br\/portal\/index.php\/wp-json\/wp\/v2\/posts\/16011\/revisions\/16013"}],"wp:featuredmedia":[{"embeddable":true,"href":"https:\/\/dgospel.com.br\/portal\/index.php\/wp-json\/wp\/v2\/media\/16012"}],"wp:attachment":[{"href":"https:\/\/dgospel.com.br\/portal\/index.php\/wp-json\/wp\/v2\/media?parent=16011"}],"wp:term":[{"taxonomy":"category","embeddable":true,"href":"https:\/\/dgospel.com.br\/portal\/index.php\/wp-json\/wp\/v2\/categories?post=16011"},{"taxonomy":"post_tag","embeddable":true,"href":"https:\/\/dgospel.com.br\/portal\/index.php\/wp-json\/wp\/v2\/tags?post=16011"}],"curies":[{"name":"wp","href":"https:\/\/api.w.org\/{rel}","templated":true}]}}