{"id":16017,"date":"2023-06-02T11:50:02","date_gmt":"2023-06-02T14:50:02","guid":{"rendered":"http:\/\/dgospel.com.br\/portal\/?p=16017"},"modified":"2023-06-02T11:50:03","modified_gmt":"2023-06-02T14:50:03","slug":"forcas-de-seguranca-do-tocantins-deflagram-operacao-todos-pela-vida-palmas-segura","status":"publish","type":"post","link":"https:\/\/dgospel.com.br\/portal\/index.php\/2023\/06\/02\/forcas-de-seguranca-do-tocantins-deflagram-operacao-todos-pela-vida-palmas-segura\/","title":{"rendered":"For\u00e7as de Seguran\u00e7a do Tocantins deflagram opera\u00e7\u00e3o Todos pela Vida &#8211; Palmas Segura"},"content":{"rendered":"\n<p>Com o objetivo de trazer mais paz e tranquilidade a popula\u00e7\u00e3o de Palmas, nessa quinta-feira, 1\u00ba de junho, as For\u00e7as de Seguran\u00e7a do Tocantins compostas pela Pol\u00edcia Civil (PC-TO), Pol\u00edcia Militar (PM), Pol\u00edcia Rodovi\u00e1ria Federal (PRF), Pol\u00edcia Penal, Guarda Metropolitana e demais \u00f3rg\u00e3os estaduais e municipais deflagraram uma grande opera\u00e7\u00e3o de combate \u00e0 criminalidade que foi concentrada, sobretudo, na regi\u00e3o sul de Palmas.&nbsp;<\/p>\n\n\n\n<p>A opera\u00e7\u00e3o Todos pela Vida &#8211; Palmas Segura reuniu um grande efetivo de todas as for\u00e7as de seguran\u00e7a, com apoio de agentes do Detran e da Secretaria Municipal de Seguran\u00e7a e Mobilidade Urbana (Sesmu), teve in\u00edcio \u00e0s 16 horas, com uma breve reuni\u00e3o no Quartel do Comando Geral (QCG) da Pol\u00edcia Militar, onde foram acertados os detalhes para as incurs\u00f5es a serem realizadas.&nbsp;<\/p>\n\n\n\n<p><strong>Mobiliza\u00e7\u00e3o<\/strong><\/p>\n\n\n\n<p>Na ocasi\u00e3o, o secret\u00e1rio da Seguran\u00e7a P\u00fablica, Wlademir Mota Oliveira, e o chefe do Estado Maior da Pol\u00edcia Militar, Coronel Cl\u00e1udio Thomaz Coelho de Souza, detalharam todos os aspectos da opera\u00e7\u00e3o. Em seguida, o efetivo composto por mais de 200 agentes de seguran\u00e7a, entre policiais civis, militares, penais, rodovi\u00e1rios federais, guardas metropolitanos, agentes do Detran e da Sesmu, se deslocaram at\u00e9 os pontos,&nbsp;previamente estabelecidos, na regi\u00e3o sul de Palmas.&nbsp;<\/p>\n\n\n\n<p><strong>Abordagens, apreens\u00f5es e pris\u00f5es<\/strong><\/p>\n\n\n\n<p>Durante mais de cinco horas, os agentes de seguran\u00e7a realizaram centenas de abordagens veiculares e revistas pessoais em dezenas de indiv\u00edduos suspeitos, em v\u00e1rios em bloqueios efetuados na Avenida Teot\u00f4nio Segurado, na BR-010, na regi\u00e3o de Taquaralto, na sa\u00edda para a Porto Nacional e cruzamentos de setores da regi\u00e3o sul da Capital.&nbsp;<\/p>\n\n\n\n<p>No decorrer das abordagens, em um dos bloqueios, policiais militares foram informados que na Avenida Teot\u00f4nio Segurado, sentido norte-sul, na altura do Est\u00e1dio Nilton Santos, dezenas de condutores de motocicletas haviam parado nas imedia\u00e7\u00f5es da Avenida a fim de evitar um dos bloqueios montados pr\u00f3ximo ao Ribeir\u00e3o Taquaru\u00e7u.&nbsp;<\/p>\n\n\n\n<p>Desse modo, os militares foram at\u00e9 o local, onde passaram a abordar os motociclistas, quando notaram que um homem que levava o filho menor na garupa, demonstrou inquieta\u00e7\u00e3o ao perceber a aproxima\u00e7\u00e3o dos policiais, fato que despertou a aten\u00e7\u00e3o dos agentes que, ao procederem a revista, localizaram na posse do mesmo, um rev\u00f3lver calibre 38, carregado com cinco muni\u00e7\u00f5es intactas. Diante dos fatos, o homem, de 43 anos, foi preso em flagrante por porte ilegal de arma de fogo e conduzido at\u00e9 a Central de Atendimento da Pol\u00edcia Civil.&nbsp;<\/p>\n\n\n\n<p>Ainda durante a realiza\u00e7\u00e3o das a\u00e7\u00f5es, foram apreendidos e removidos v\u00e1rios ve\u00edculos que estavam em situa\u00e7\u00e3o irregular, os quais foram encaminhados para o p\u00e1tio da empresa respons\u00e1vel pela guarda dos mesmos.&nbsp;<\/p>\n\n\n\n<p><strong>Objetivos alcan\u00e7ados<\/strong><\/p>\n\n\n\n<p>O secret\u00e1rio Wlademir Mota Oliveira explica que a opera\u00e7\u00e3o Todos Pela Vida &#8211; Palmas Segura desencadeada nessa quinta-feira, j\u00e1 trouxe resultados exitosos e expressivos, o que demonstra o comprometimento e a uni\u00e3o das For\u00e7as de Seguran\u00e7a em torno do bem comum que \u00e9 a prote\u00e7\u00e3o da popula\u00e7\u00e3o de Palmas.<\/p>\n\n\n\n<p>\u201cEm seu primeiro dia de a\u00e7\u00f5es voltadas ao combate \u00e0 criminalidade, a referida opera\u00e7\u00e3o j\u00e1 trouxe mais tranquilidade a toda comunidade palmense que pode perceber a efetiva presen\u00e7a das for\u00e7as de seguran\u00e7a, unidas e integradas, com o intuito de trazer mais seguran\u00e7a e paz social a todos os palmenses. Nesse sentido, a opera\u00e7\u00e3o Todos pela Vida &#8211; Palmas Segura ter\u00e1 continuidade ao longo dos pr\u00f3ximos dias no sentido de conter a criminalidade, sobretudo, os crimes contra \u00e0 vida\u201d, ressaltou o gestor da SSP.<\/p>\n\n\n\n<p>J\u00e1 o delegado-geral da Pol\u00edcia Civil do Tocantins, Claudemir Luiz Ferreira, frisou que a opera\u00e7\u00e3o Todos Pela Vida &#8211; Palmas Segura \u00e9 mais uma a\u00e7\u00e3o efetiva que visa propiciar a seguran\u00e7a que todos os cidad\u00e3os de Palmas precisam ter a fim de realizar suas a\u00e7\u00f5es cotidianas normalmente e com seguran\u00e7a. \u201cAs for\u00e7as de seguran\u00e7a do Tocantins est\u00e3o irmanadas e com&nbsp; um \u00fanico objetivo que \u00e9 o de garantir a seguran\u00e7a e a prote\u00e7\u00e3o aos cidad\u00e3os de Palmas. Nesse sentido, a Pol\u00edcia Civil do Tocantins, com apoio da Pol\u00edcia Militar e das demais for\u00e7as, n\u00e3o medir\u00e1 esfor\u00e7os at\u00e9 que todos os envolvidos com os recentes epis\u00f3dios de viol\u00eancia sejam devidamente identificados, presos e colocados \u00e0 disposi\u00e7\u00e3o da Justi\u00e7a\u201d, destacou o chefe da Pol\u00edcia Civil.&nbsp;<\/p>\n\n\n\n<p>Na avalia\u00e7\u00e3o do chefe do Estado-Maior da Pol\u00edcia Militar, Coronel Cl\u00e1udio Tomaz, a opera\u00e7\u00e3o desencadeada nessa quinta-feira, j\u00e1 surte um efeito positivo, pois demonstra a disposi\u00e7\u00e3o e o compromisso das For\u00e7as de Seguran\u00e7a no combate ao crime e na manuten\u00e7\u00e3o da paz e da seguran\u00e7a de todos.&nbsp;<\/p>\n\n\n\n<p>\u201cSomente nas primeiras horas de deflagra\u00e7\u00e3o da opera\u00e7\u00e3o foi poss\u00edvel efetuar apreens\u00f5es de armas de fogo, pris\u00f5es, bem como transmitir a toda a popula\u00e7\u00e3o que a Pol\u00edcia Militar, a Pol\u00edcia Civil e as demais for\u00e7as de apoio est\u00e3o empenhadas no combate a todo e qualquer tipo de il\u00edcito e na identifica\u00e7\u00e3o e captura de indiv\u00edduos que tenham envolvimento com a criminalidade\u201d, frisou.&nbsp;<\/p>\n\n\n\n<p>O secret\u00e1rio da Cidadania e Justi\u00e7a, Deusiano Amorim, reiterou que a Pol\u00edcia Penal est\u00e1 a postos para contribuir com as demais for\u00e7as, no sentido de combater a criminalidade. \u201cNo que depender dos policiais penais, essa regi\u00e3o em breve, voltar\u00e1 a ter dias de paz\u201d, destacou.<\/p>\n\n\n\n<p>\u201cNossos agentes de tr\u00e2nsito e a Guarda Metropolitana estar\u00e1 sempre presente no sentido de contribuir e trazer a seguran\u00e7a para a sociedade palmense\u201d, finalizou Agostinho Ara\u00fajo J\u00fanior, secret\u00e1rio da Sesmu.<\/p>\n\n\n\n<p><img src=\"https:\/\/central.to.gov.br\/image\/332836?w=670&amp;h=383\"><\/p>\n\n\n\n<p>Mais de 200 agentes de seguran\u00e7a, entre policiais civis, militares, penais, rodovi\u00e1rios federais, guardas metropolitanos, agentes do Detran e da Sesmu participaram da opera\u00e7\u00e3o &#8211; Luiz de Castro\/Governo do Tocantins\u00a0<\/p>\n\n\n\n<p><img src=\"https:\/\/central.to.gov.br\/image\/332839?w=670&amp;h=383\"><\/p>\n\n\n\n<p>Durante mais de cinco horas, os agentes de seguran\u00e7a realizaram centenas de abordagens veiculares e revistas pessoais em dezenas de indiv\u00edduos suspeitos &#8211; Luiz de Castro\/Governo do Tocantins<\/p>\n\n\n\n<p><img src=\"https:\/\/central.to.gov.br\/image\/332840?w=670&amp;h=383\"><\/p>\n\n\n\n<p>For\u00e7as de Seguran\u00e7a deflagaram nesta quinta-feira a opera\u00e7\u00e3o Todos pela Vida &#8211; Luiz de Castro\/Governo do Tocantins\u00a0<\/p>\n","protected":false},"excerpt":{"rendered":"<p>Com o objetivo de trazer mais paz e tranquilidade a popula\u00e7\u00e3o de Palmas, nessa quinta-feira, 1\u00ba de junho, as For\u00e7as de Seguran\u00e7a do Tocantins compostas pela Pol\u00edcia Civil (PC-TO), Pol\u00edcia Militar (PM), Pol\u00edcia Rodovi\u00e1ria Federal (PRF), Pol\u00edcia Penal, Guarda Metropolitana e demais \u00f3rg\u00e3os estaduais e municipais deflagraram uma grande opera\u00e7\u00e3o de combate \u00e0 criminalidade que [&hellip;]<\/p>\n","protected":false},"author":2,"featured_media":16018,"comment_status":"open","ping_status":"open","sticky":false,"template":"","format":"standard","meta":[],"categories":[3],"tags":[13],"_links":{"self":[{"href":"https:\/\/dgospel.com.br\/portal\/index.php\/wp-json\/wp\/v2\/posts\/16017"}],"collection":[{"href":"https:\/\/dgospel.com.br\/portal\/index.php\/wp-json\/wp\/v2\/posts"}],"about":[{"href":"https:\/\/dgospel.com.br\/portal\/index.php\/wp-json\/wp\/v2\/types\/post"}],"author":[{"embeddable":true,"href":"https:\/\/dgospel.com.br\/portal\/index.php\/wp-json\/wp\/v2\/users\/2"}],"replies":[{"embeddable":true,"href":"https:\/\/dgospel.com.br\/portal\/index.php\/wp-json\/wp\/v2\/comments?post=16017"}],"version-history":[{"count":1,"href":"https:\/\/dgospel.com.br\/portal\/index.php\/wp-json\/wp\/v2\/posts\/16017\/revisions"}],"predecessor-version":[{"id":16019,"href":"https:\/\/dgospel.com.br\/portal\/index.php\/wp-json\/wp\/v2\/posts\/16017\/revisions\/16019"}],"wp:featuredmedia":[{"embeddable":true,"href":"https:\/\/dgospel.com.br\/portal\/index.php\/wp-json\/wp\/v2\/media\/16018"}],"wp:attachment":[{"href":"https:\/\/dgospel.com.br\/portal\/index.php\/wp-json\/wp\/v2\/media?parent=16017"}],"wp:term":[{"taxonomy":"category","embeddable":true,"href":"https:\/\/dgospel.com.br\/portal\/index.php\/wp-json\/wp\/v2\/categories?post=16017"},{"taxonomy":"post_tag","embeddable":true,"href":"https:\/\/dgospel.com.br\/portal\/index.php\/wp-json\/wp\/v2\/tags?post=16017"}],"curies":[{"name":"wp","href":"https:\/\/api.w.org\/{rel}","templated":true}]}}