{"id":1602,"date":"2018-10-16T22:53:50","date_gmt":"2018-10-17T01:53:50","guid":{"rendered":"http:\/\/dgospel.com.br\/portal\/?p=1602"},"modified":"2018-10-16T22:53:50","modified_gmt":"2018-10-17T01:53:50","slug":"ldo-e-protocolada-na-camara-de-vereadores-de-palmas","status":"publish","type":"post","link":"https:\/\/dgospel.com.br\/portal\/index.php\/2018\/10\/16\/ldo-e-protocolada-na-camara-de-vereadores-de-palmas\/","title":{"rendered":"LDO \u00e9 protocolada na C\u00e2mara de Vereadores de Palmas"},"content":{"rendered":"<p>Em cumprimento ao artigo 165 da Constitui\u00e7\u00e3o Federal e \u00e0 Lei Org\u00e2nica do Munic\u00edpio, a Prefeitura de Palmas protocolou nesta \u00faltima segunda-feira, 15, na C\u00e2mara de Vereadores de Palmas, a Lei de Diretrizes Or\u00e7ament\u00e1rias (LDO), que estabelecer\u00e1 a estrat\u00e9gia da gest\u00e3o da prefeita Cinthia Ribeiro no exerc\u00edcio de 2019 e indicar\u00e1 o planejamento de seu governo na aplica\u00e7\u00e3o das pol\u00edticas p\u00fablicas priorit\u00e1rias para a popula\u00e7\u00e3o palmense. O documento foi protocolado pela secret\u00e1ria de Planejamento e Desenvolvimento Humano, Fernanda Rodrigues e pelo secret\u00e1rio de Governo, C\u00e9sar Guimar\u00e3es.<\/p>\n<p class=\"yiv3098584011MsoNormal\">Dando sequ\u00eancia aos dispositivos legais, a Munic\u00edpio de Palmas dever\u00e1 protocolar a revis\u00e3o do Plano Plurianual 2018\/2021 no dia 15 de novembro e a Lei Or\u00e7ament\u00e1ria Anual (LOA), no dia 30 de novembro.<\/p>\n<p class=\"yiv3098584011MsoNormal\">Na mensagem enviada ao presidente da C\u00e2mara de Vereadores, Jos\u00e9 do Lago Folha Filho, a prefeita Cinthia Ribeiro lembrou que pr\u00f3ximo a completar 30 anos, Palmas continua sendo uma cidade que acolhe pessoas de todos os lugares e sua consolida\u00e7\u00e3o pressup\u00f5e uma Cidade Inclusiva. \u201cA popula\u00e7\u00e3o de Palmas \u00e9 marcada pela diversidade em seu sentido amplo. Temos, enquanto inst\u00e2ncia pol\u00edtica-administrativa, de estar atentos \u00e0s demandas da popula\u00e7\u00e3o por servi\u00e7os, bens e equipamentos e suas entregas, pois o sentimento das pessoas da cidade \u00e9 nosso balizador maior\u201d.<\/p>\n<p class=\"yiv3098584011MsoNormal\">Ainda de acordo com a mensagem da prefeita ao Legislativo Municipal, define-se o desenvolvimento socioecon\u00f4mico, cultural e ambiental de Palmas tendo como meta uma popula\u00e7\u00e3o educada, preparada para o exerc\u00edcio pleno na cidade, com discernimento sobre seu papel, sua responsabilidade enquanto cidad\u00e3o, como pessoas qualificadas para o mundo do trabalho do s\u00e9culo XXI, no paradigma da solidariedade e sustentabilidade. \u201cTudo isso consubstanciado na LDO, no PPA e na LOA, que almejam a consolida\u00e7\u00e3o da identidade de Palmas como cidade inclusiva&#8221;.<\/p>\n","protected":false},"excerpt":{"rendered":"<p>Em cumprimento ao artigo 165 da Constitui\u00e7\u00e3o Federal e \u00e0 Lei Org\u00e2nica do Munic\u00edpio, a Prefeitura de Palmas protocolou nesta \u00faltima segunda-feira, 15, na C\u00e2mara de Vereadores de Palmas, a Lei de Diretrizes Or\u00e7ament\u00e1rias (LDO), que estabelecer\u00e1 a estrat\u00e9gia da gest\u00e3o da prefeita Cinthia Ribeiro no exerc\u00edcio de 2019 e indicar\u00e1 o planejamento de seu [&hellip;]<\/p>\n","protected":false},"author":2,"featured_media":1603,"comment_status":"open","ping_status":"open","sticky":false,"template":"","format":"standard","meta":[],"categories":[8,2],"tags":[],"_links":{"self":[{"href":"https:\/\/dgospel.com.br\/portal\/index.php\/wp-json\/wp\/v2\/posts\/1602"}],"collection":[{"href":"https:\/\/dgospel.com.br\/portal\/index.php\/wp-json\/wp\/v2\/posts"}],"about":[{"href":"https:\/\/dgospel.com.br\/portal\/index.php\/wp-json\/wp\/v2\/types\/post"}],"author":[{"embeddable":true,"href":"https:\/\/dgospel.com.br\/portal\/index.php\/wp-json\/wp\/v2\/users\/2"}],"replies":[{"embeddable":true,"href":"https:\/\/dgospel.com.br\/portal\/index.php\/wp-json\/wp\/v2\/comments?post=1602"}],"version-history":[{"count":1,"href":"https:\/\/dgospel.com.br\/portal\/index.php\/wp-json\/wp\/v2\/posts\/1602\/revisions"}],"predecessor-version":[{"id":1604,"href":"https:\/\/dgospel.com.br\/portal\/index.php\/wp-json\/wp\/v2\/posts\/1602\/revisions\/1604"}],"wp:featuredmedia":[{"embeddable":true,"href":"https:\/\/dgospel.com.br\/portal\/index.php\/wp-json\/wp\/v2\/media\/1603"}],"wp:attachment":[{"href":"https:\/\/dgospel.com.br\/portal\/index.php\/wp-json\/wp\/v2\/media?parent=1602"}],"wp:term":[{"taxonomy":"category","embeddable":true,"href":"https:\/\/dgospel.com.br\/portal\/index.php\/wp-json\/wp\/v2\/categories?post=1602"},{"taxonomy":"post_tag","embeddable":true,"href":"https:\/\/dgospel.com.br\/portal\/index.php\/wp-json\/wp\/v2\/tags?post=1602"}],"curies":[{"name":"wp","href":"https:\/\/api.w.org\/{rel}","templated":true}]}}