{"id":16020,"date":"2023-06-02T11:54:21","date_gmt":"2023-06-02T14:54:21","guid":{"rendered":"http:\/\/dgospel.com.br\/portal\/?p=16020"},"modified":"2023-06-02T11:54:22","modified_gmt":"2023-06-02T14:54:22","slug":"zelensky-desmente-lula-sobre-desencontro-na-cupula-do-g7","status":"publish","type":"post","link":"https:\/\/dgospel.com.br\/portal\/index.php\/2023\/06\/02\/zelensky-desmente-lula-sobre-desencontro-na-cupula-do-g7\/","title":{"rendered":"Zelensky desmente Lula sobre desencontro na c\u00fapula do G7"},"content":{"rendered":"\n<p>O presidente da Ucr\u00e2nia, Volodymyr Zelensky, negou as afirma\u00e7\u00f5es do governo brasileiro de que a reuni\u00e3o bilateral com o presidente Luiz In\u00e1cio Lula da Silva (PT) no G7 n\u00e3o teria ocorrido porque ele n\u00e3o apareceu na hora marcada. Zelensky declarou que n\u00e3o foi por causa da Ucr\u00e2nia que o encontro n\u00e3o aconteceu e destacou que j\u00e1 se disp\u00f4s a encontrar o petista v\u00e1rias vezes; mas, que para isso, \u00e9 preciso que haja vontade por parte do brasileiro.<\/p>\n\n\n\n<p>\u2013 N\u00e3o \u00e9 a primeira vez que digo publicamente, e tamb\u00e9m j\u00e1 disse diretamente ao presidente, e reitero que quero me encontrar com ele. J\u00e1 ofereci a realiza\u00e7\u00e3o de uma reuni\u00e3o em qualquer formato. J\u00e1 convidei v\u00e1rias vezes o presidente Lula para vir \u00e0 Ucr\u00e2nia. Estivemos em contato com a equipe dele quando ele estava na Espanha e em Portugal, pensei naquele momento porque a dist\u00e2ncia era menor e talvez ele conseguisse encontrar um tempo. No G7, tive v\u00e1rias reuni\u00f5es bilaterais. Disseram que a gente n\u00e3o havia tentado, nem se esfor\u00e7ado para encontr\u00e1-lo, isto n\u00e3o \u00e9 verdade. N\u00e3o \u00e9 gente s\u00e9ria, substantiva, que est\u00e1 dizendo isso \u2013 disse Zelensky em entrevista \u00e0 Folha de S.Paulo.<\/p>\n\n\n\n<p>O presidente ucraniano afirmou ainda esperar que se crie uma nova oportunidade para dialogar com lideran\u00e7as do Brasil.<\/p>\n\n\n\n<p>\u2013 [Os brasileiros] podem ter seus pr\u00f3prios pontos de vista sobre qual deveria ser o caminho para a paz. Tudo bem, estamos dialogando, somos civilizados. Mas precisamos conversar. E, para haver uma conversa, \u00e9 preciso que haja vontade. J\u00e1 me dispus a encontr\u00e1-lo [Lula] muitas vezes. Acredito que se criar\u00e1 uma nova oportunidade. Alguma coisa n\u00e3o deu certo [para o encontro] no G7, n\u00e3o quero entrar em detalhes, mas definitivamente n\u00e3o foi por nossa causa que n\u00e3o deu certo \u2013 enfatizou.<\/p>\n\n\n\n<p>Na sequ\u00eancia, Zelensky avaliou a posi\u00e7\u00e3o do Brasil de n\u00e3o apoiar a cria\u00e7\u00e3o de um tribunal especial internacional para julgar crimes de guerra contra a Ucr\u00e2nia.<\/p>\n\n\n\n<p>\u2013 O presidente Lula quer ser original. E devemos dar a ele essa oportunidade. Agora, \u00e9 preciso responder a algumas perguntas muito simples. Primeiro: o presidente acha que assassinos devem ser condenados e presos? Creio que, se ele tiver a oportunidade, dir\u00e1 que sim. Ele vai achar tempo para responder a essa pergunta? Ele n\u00e3o achou um tempo para se reunir comigo, mas, talvez, tenha tempo para responder a essa quest\u00e3o. E a\u00ed, responder\u00e1 que assassinos devem ser presos \u2013 previu.<\/p>\n\n\n\n<p>O l\u00edder ucraniano ainda alertou que a vit\u00f3ria de seu pa\u00eds \u00e9 determinante para evitar uma Terceira Guerra Mundial.<\/p>\n\n\n\n<p>\u2013 A R\u00fassia n\u00e3o vai parar na Ucr\u00e2nia, ela vai seguir tentando atacar outros pa\u00edses. Ir\u00e1 a outras na\u00e7\u00f5es, incluindo as da Otan. E ent\u00e3o a Otan entrar\u00e1 em guerra para defender seus membros, e pode ser a Terceira Guerra Mundial. Uma guerra como a nossa, h\u00edbrida, com ataques cibern\u00e9ticos, valas comuns, torturas, mas em v\u00e1rios pa\u00edses. De alguma forma, a Ucr\u00e2nia \u00e9 uma a\u00e7\u00e3o preventiva. Nossa capacidade de se recuperar, de vencer, \u00e9 de certa maneira uma preven\u00e7\u00e3o contra uma grande trag\u00e9dia global \u2013 advertiu.<\/p>\n\n\n\n<p>Em entrevista ao jornal O Globo, o Minist\u00e9rio das Rela\u00e7\u00f5es Exteriores brasileiro rebateu as falas de Zelensky, afirmando que foram oferecidos tr\u00eas hor\u00e1rios diferentes para o encontro bilateral, mas que nenhum foi aceito pelos ucranianos.<\/p>\n","protected":false},"excerpt":{"rendered":"<p>O presidente da Ucr\u00e2nia, Volodymyr Zelensky, negou as afirma\u00e7\u00f5es do governo brasileiro de que a reuni\u00e3o bilateral com o presidente Luiz In\u00e1cio Lula da Silva (PT) no G7 n\u00e3o teria ocorrido porque ele n\u00e3o apareceu na hora marcada. Zelensky declarou que n\u00e3o foi por causa da Ucr\u00e2nia que o encontro n\u00e3o aconteceu e destacou que [&hellip;]<\/p>\n","protected":false},"author":2,"featured_media":16021,"comment_status":"open","ping_status":"open","sticky":false,"template":"","format":"standard","meta":[],"categories":[16],"tags":[],"_links":{"self":[{"href":"https:\/\/dgospel.com.br\/portal\/index.php\/wp-json\/wp\/v2\/posts\/16020"}],"collection":[{"href":"https:\/\/dgospel.com.br\/portal\/index.php\/wp-json\/wp\/v2\/posts"}],"about":[{"href":"https:\/\/dgospel.com.br\/portal\/index.php\/wp-json\/wp\/v2\/types\/post"}],"author":[{"embeddable":true,"href":"https:\/\/dgospel.com.br\/portal\/index.php\/wp-json\/wp\/v2\/users\/2"}],"replies":[{"embeddable":true,"href":"https:\/\/dgospel.com.br\/portal\/index.php\/wp-json\/wp\/v2\/comments?post=16020"}],"version-history":[{"count":1,"href":"https:\/\/dgospel.com.br\/portal\/index.php\/wp-json\/wp\/v2\/posts\/16020\/revisions"}],"predecessor-version":[{"id":16022,"href":"https:\/\/dgospel.com.br\/portal\/index.php\/wp-json\/wp\/v2\/posts\/16020\/revisions\/16022"}],"wp:featuredmedia":[{"embeddable":true,"href":"https:\/\/dgospel.com.br\/portal\/index.php\/wp-json\/wp\/v2\/media\/16021"}],"wp:attachment":[{"href":"https:\/\/dgospel.com.br\/portal\/index.php\/wp-json\/wp\/v2\/media?parent=16020"}],"wp:term":[{"taxonomy":"category","embeddable":true,"href":"https:\/\/dgospel.com.br\/portal\/index.php\/wp-json\/wp\/v2\/categories?post=16020"},{"taxonomy":"post_tag","embeddable":true,"href":"https:\/\/dgospel.com.br\/portal\/index.php\/wp-json\/wp\/v2\/tags?post=16020"}],"curies":[{"name":"wp","href":"https:\/\/api.w.org\/{rel}","templated":true}]}}