{"id":16023,"date":"2023-06-05T11:28:55","date_gmt":"2023-06-05T14:28:55","guid":{"rendered":"http:\/\/dgospel.com.br\/portal\/?p=16023"},"modified":"2023-06-05T11:28:56","modified_gmt":"2023-06-05T14:28:56","slug":"partido-de-esquerda-quer-convocar-evangelicos-que-foram-a-brasilia-em-8-1","status":"publish","type":"post","link":"https:\/\/dgospel.com.br\/portal\/index.php\/2023\/06\/05\/partido-de-esquerda-quer-convocar-evangelicos-que-foram-a-brasilia-em-8-1\/","title":{"rendered":"Partido de esquerda quer convocar evang\u00e9licos que foram a Bras\u00edlia em 8\/1"},"content":{"rendered":"\n<p>Os deputados federais Erika Hilton (PSOL-SP) e Pastor Henrique Vieira (PSOL-RJ) apresentaram requerimentos na Comiss\u00e3o Parlamentar Mista de Inqu\u00e9rito (CPMI) do 8 de janeiro para convocar os evang\u00e9licos que foram at\u00e9 Bras\u00edlia naquela data.<\/p>\n\n\n\n<p>Os parlamentares usaram reportagens do UOL sobre a participa\u00e7\u00e3o de igrejas que teriam fretado \u00f4nibus para participarem da manifesta\u00e7\u00e3o na capital federal.<\/p>\n\n\n\n<p>Os representantes da esquerda querem investigar se houve financiamento de igrejas nos ataques contra as sedes dos Tr\u00eas Poderes. Para isso, eles desejam chamar para depor os presos pela Pol\u00edcia Federal que admitiram que estavam em caravanas de evang\u00e9licos.<\/p>\n\n\n\n<p>Vieira acredita que essa linha de investiga\u00e7\u00e3o pode beneficiar o segmento religioso.<\/p>\n\n\n\n<p>\u2013 Poderemos distinguir as pessoas que t\u00eam uma f\u00e9 generosa, amorosa e pac\u00edfica, daquelas que sequestram a religi\u00e3o, a espiritualidade e a f\u00e9 para legitimar seus projetos de poder, viol\u00eancia e destrui\u00e7\u00e3o da democracia \u2013 justifica o psolista.<\/p>\n\n\n\n<p><strong>GUERRA SANTA<\/strong><br>Para a professora de Direito e ex-deputada estadual, Janaina Paschoal, a convoca\u00e7\u00e3o de evang\u00e9licos na CPMI do 8 de janeiro pode incidir no erro de criminalizar religi\u00f5es. Em seu entendimento, n\u00e3o h\u00e1 crime no fato das igrejas criarem caravanas para participarem de atos que eram pac\u00edficos.<\/p>\n\n\n\n<p>\u2013 Espero que os parlamentares de esquerda n\u00e3o incidam no erro de criminalizar religi\u00f5es. O fato de uma igreja enviar fi\u00e9is para uma manifesta\u00e7\u00e3o, a princ\u00edpio pac\u00edfica, n\u00e3o constitui crime. Se eu fosse Lula ficaria bem atento a esses requerimentos do PSOL \u00e0 CPMI do 08 de janeiro. N\u00e3o queremos \u201cguerras santas\u201d neste Pa\u00eds! Eu j\u00e1 dei o mesmo conselho a Dona Michelle [Bolsonaro]. N\u00e3o h\u00e1 ideologia no que estou escrevendo. H\u00e1 uma preocupa\u00e7\u00e3o real \u2013 comentou.<\/p>\n\n\n\n<p><\/p>\n\n\n\n<figure class=\"wp-block-image size-full\"><img loading=\"lazy\" width=\"666\" height=\"314\" src=\"http:\/\/dgospel.com.br\/portal\/wp-content\/uploads\/2023\/06\/000000000000000000000000000.jpg\" alt=\"\" class=\"wp-image-16024\" srcset=\"https:\/\/dgospel.com.br\/portal\/wp-content\/uploads\/2023\/06\/000000000000000000000000000.jpg 666w, https:\/\/dgospel.com.br\/portal\/wp-content\/uploads\/2023\/06\/000000000000000000000000000-300x141.jpg 300w\" sizes=\"(max-width: 666px) 100vw, 666px\" \/><\/figure>\n","protected":false},"excerpt":{"rendered":"<p>Os deputados federais Erika Hilton (PSOL-SP) e Pastor Henrique Vieira (PSOL-RJ) apresentaram requerimentos na Comiss\u00e3o Parlamentar Mista de Inqu\u00e9rito (CPMI) do 8 de janeiro para convocar os evang\u00e9licos que foram at\u00e9 Bras\u00edlia naquela data. Os parlamentares usaram reportagens do UOL sobre a participa\u00e7\u00e3o de igrejas que teriam fretado \u00f4nibus para participarem da manifesta\u00e7\u00e3o na capital [&hellip;]<\/p>\n","protected":false},"author":2,"featured_media":16025,"comment_status":"open","ping_status":"open","sticky":false,"template":"","format":"standard","meta":[],"categories":[4],"tags":[],"_links":{"self":[{"href":"https:\/\/dgospel.com.br\/portal\/index.php\/wp-json\/wp\/v2\/posts\/16023"}],"collection":[{"href":"https:\/\/dgospel.com.br\/portal\/index.php\/wp-json\/wp\/v2\/posts"}],"about":[{"href":"https:\/\/dgospel.com.br\/portal\/index.php\/wp-json\/wp\/v2\/types\/post"}],"author":[{"embeddable":true,"href":"https:\/\/dgospel.com.br\/portal\/index.php\/wp-json\/wp\/v2\/users\/2"}],"replies":[{"embeddable":true,"href":"https:\/\/dgospel.com.br\/portal\/index.php\/wp-json\/wp\/v2\/comments?post=16023"}],"version-history":[{"count":1,"href":"https:\/\/dgospel.com.br\/portal\/index.php\/wp-json\/wp\/v2\/posts\/16023\/revisions"}],"predecessor-version":[{"id":16026,"href":"https:\/\/dgospel.com.br\/portal\/index.php\/wp-json\/wp\/v2\/posts\/16023\/revisions\/16026"}],"wp:featuredmedia":[{"embeddable":true,"href":"https:\/\/dgospel.com.br\/portal\/index.php\/wp-json\/wp\/v2\/media\/16025"}],"wp:attachment":[{"href":"https:\/\/dgospel.com.br\/portal\/index.php\/wp-json\/wp\/v2\/media?parent=16023"}],"wp:term":[{"taxonomy":"category","embeddable":true,"href":"https:\/\/dgospel.com.br\/portal\/index.php\/wp-json\/wp\/v2\/categories?post=16023"},{"taxonomy":"post_tag","embeddable":true,"href":"https:\/\/dgospel.com.br\/portal\/index.php\/wp-json\/wp\/v2\/tags?post=16023"}],"curies":[{"name":"wp","href":"https:\/\/api.w.org\/{rel}","templated":true}]}}