{"id":16027,"date":"2023-06-05T11:34:41","date_gmt":"2023-06-05T14:34:41","guid":{"rendered":"http:\/\/dgospel.com.br\/portal\/?p=16027"},"modified":"2023-06-05T11:34:41","modified_gmt":"2023-06-05T14:34:41","slug":"justica-de-sp-veta-lei-que-proibe-linguagem-neutra-em-escolas","status":"publish","type":"post","link":"https:\/\/dgospel.com.br\/portal\/index.php\/2023\/06\/05\/justica-de-sp-veta-lei-que-proibe-linguagem-neutra-em-escolas\/","title":{"rendered":"Justi\u00e7a de SP veta lei que pro\u00edbe linguagem neutra em escolas"},"content":{"rendered":"\n<p>O Tribunal de Justi\u00e7a de S\u00e3o Paulo (TJ-SP) decidiu que \u00e9 inconstitucional a lei municipal que proibia o uso de linguagem neutra em escolas de Sorocaba, no interior de S\u00e3o Paulo. O argumento dos desembargadores \u00e9 de que tal compet\u00eancia cabe exclusivamente \u00e0 Uni\u00e3o.<\/p>\n\n\n\n<p>A alega\u00e7\u00e3o da Prefeitura de Sorocaba n\u00e3o convenceu o relator do ac\u00f3rd\u00e3o sobre o tema, o desembargador Vianna Cotrim. O intuito do munic\u00edpio era \u201cproibir a exposi\u00e7\u00e3o de crian\u00e7as e adolescentes a manifesta\u00e7\u00f5es culturais que contribuam para a sexualiza\u00e7\u00e3o precoce, al\u00e9m de instituir medidas de conscientiza\u00e7\u00e3o e combate \u00e0 erotiza\u00e7\u00e3o infantil\u201d.<\/p>\n\n\n\n<p>O magistrado, no entanto, classificou a lei municipal como \u201ccensura pedag\u00f3gica\u201d.<\/p>\n\n\n\n<p>\u2013 A lei impugnada implementou verdadeira censura pedag\u00f3gica, malferindo, com isso, o exerc\u00edcio da cidadania e os conceitos constitucionais de liberdade no aprendizado, pluralismo de ideias e de concep\u00e7\u00f5es pedag\u00f3gicas \u2013 afirmou o magistrado.<\/p>\n\n\n\n<p>O desembargador salientou que os munic\u00edpios n\u00e3o t\u00eam autonomia plena para legislar sobre educa\u00e7\u00e3o, podendo somente editar normas complementares.<\/p>\n\n\n\n<p>\u2013 Essa compet\u00eancia suplementar, a meu ver, n\u00e3o permite que o munic\u00edpio restrinja o conte\u00fado do que deva ser ministrado na grade curricular de suas escolas e tampouco estabele\u00e7a regra espec\u00edfica sobre o modo de utiliza\u00e7\u00e3o da l\u00edngua portuguesa \u2013 escreveu no processo.<\/p>\n\n\n\n<p>A decis\u00e3o foi tomada na \u00faltima quarta-feira (31).<\/p>\n","protected":false},"excerpt":{"rendered":"<p>O Tribunal de Justi\u00e7a de S\u00e3o Paulo (TJ-SP) decidiu que \u00e9 inconstitucional a lei municipal que proibia o uso de linguagem neutra em escolas de Sorocaba, no interior de S\u00e3o Paulo. O argumento dos desembargadores \u00e9 de que tal compet\u00eancia cabe exclusivamente \u00e0 Uni\u00e3o. A alega\u00e7\u00e3o da Prefeitura de Sorocaba n\u00e3o convenceu o relator do [&hellip;]<\/p>\n","protected":false},"author":2,"featured_media":16028,"comment_status":"open","ping_status":"open","sticky":false,"template":"","format":"standard","meta":[],"categories":[10],"tags":[],"_links":{"self":[{"href":"https:\/\/dgospel.com.br\/portal\/index.php\/wp-json\/wp\/v2\/posts\/16027"}],"collection":[{"href":"https:\/\/dgospel.com.br\/portal\/index.php\/wp-json\/wp\/v2\/posts"}],"about":[{"href":"https:\/\/dgospel.com.br\/portal\/index.php\/wp-json\/wp\/v2\/types\/post"}],"author":[{"embeddable":true,"href":"https:\/\/dgospel.com.br\/portal\/index.php\/wp-json\/wp\/v2\/users\/2"}],"replies":[{"embeddable":true,"href":"https:\/\/dgospel.com.br\/portal\/index.php\/wp-json\/wp\/v2\/comments?post=16027"}],"version-history":[{"count":1,"href":"https:\/\/dgospel.com.br\/portal\/index.php\/wp-json\/wp\/v2\/posts\/16027\/revisions"}],"predecessor-version":[{"id":16029,"href":"https:\/\/dgospel.com.br\/portal\/index.php\/wp-json\/wp\/v2\/posts\/16027\/revisions\/16029"}],"wp:featuredmedia":[{"embeddable":true,"href":"https:\/\/dgospel.com.br\/portal\/index.php\/wp-json\/wp\/v2\/media\/16028"}],"wp:attachment":[{"href":"https:\/\/dgospel.com.br\/portal\/index.php\/wp-json\/wp\/v2\/media?parent=16027"}],"wp:term":[{"taxonomy":"category","embeddable":true,"href":"https:\/\/dgospel.com.br\/portal\/index.php\/wp-json\/wp\/v2\/categories?post=16027"},{"taxonomy":"post_tag","embeddable":true,"href":"https:\/\/dgospel.com.br\/portal\/index.php\/wp-json\/wp\/v2\/tags?post=16027"}],"curies":[{"name":"wp","href":"https:\/\/api.w.org\/{rel}","templated":true}]}}