{"id":16033,"date":"2023-06-05T15:43:32","date_gmt":"2023-06-05T18:43:32","guid":{"rendered":"http:\/\/dgospel.com.br\/portal\/?p=16033"},"modified":"2023-06-05T15:43:33","modified_gmt":"2023-06-05T18:43:33","slug":"apos-reuniao-com-lula-lira-avisa-congresso-e-conservador","status":"publish","type":"post","link":"https:\/\/dgospel.com.br\/portal\/index.php\/2023\/06\/05\/apos-reuniao-com-lula-lira-avisa-congresso-e-conservador\/","title":{"rendered":"Ap\u00f3s reuni\u00e3o com Lula, Lira avisa: \u201cCongresso \u00e9 conservador\u201d"},"content":{"rendered":"\n<p>O presidente da C\u00e2mara, Arthur Lira (PP-AL), afirmou que foi o presidente Luiz In\u00e1cio Lula da Silva (PT) quem o procurou para a reuni\u00e3o entre eles promovida no in\u00edcio da manh\u00e3 desta segunda-feira, (5). O parlamentar afirmou tamb\u00e9m que o \u201cCongresso Nacional \u00e9 conservador e liberal\u201d.<\/p>\n\n\n\n<p>\u2013 Eu recebi ontem (domingo) uma liga\u00e7\u00e3o do presidente para tomar caf\u00e9 da manh\u00e3 hoje \u2013 afirmou o l\u00edder do Centr\u00e3o em entrevista \u00e0 CNN Brasil.<\/p>\n\n\n\n<p>\u2013 O Congresso n\u00e3o \u00e9 um Congresso que foi eleito progressista de esquerda. \u00c9 um Congresso reformador, liberal, conservador, que tem posicionamentos pr\u00f3prios \u2013 afirmou.<\/p>\n\n\n\n<p>De acordo com Lira, no entanto, \u201cLula est\u00e1 se movimentando\u201d ap\u00f3s a crise na articula\u00e7\u00e3o pol\u00edtica. \u201cE isso \u00e9 bom\u201d, avaliou.<\/p>\n\n\n\n<p>\u2013 N\u00f3s colocamos assuntos em dia, tratamos do que vem se discutindo, que \u00e9 uma arruma\u00e7\u00e3o mais efetiva da base do governo na C\u00e2mara e no Senado \u2013 relatou o presidente da C\u00e2mara.<\/p>\n\n\n\n<p>Para Lira, \u00e9 preciso avan\u00e7ar nas conversas para o pa\u00eds deixar \u201cessa situa\u00e7\u00e3o de indefini\u00e7\u00e3o\u201d sobre o tamanho da base do governo na C\u00e2mara.<\/p>\n\n\n\n<p>\u2013 O governo vai, a partir de hoje, ter participa\u00e7\u00e3o mais efetiva na constru\u00e7\u00e3o de base mais s\u00f3lida. N\u00f3s precisamos que mat\u00e9rias do governo possam ser discutidas com tranquilidade \u2013 declarou o parlamentar, que assegurou ser um \u201cfacilitador\u201d do governo na C\u00e2mara.<\/p>\n\n\n\n<p>*Com informa\u00e7\u00f5es da AE<\/p>\n","protected":false},"excerpt":{"rendered":"<p>O presidente da C\u00e2mara, Arthur Lira (PP-AL), afirmou que foi o presidente Luiz In\u00e1cio Lula da Silva (PT) quem o procurou para a reuni\u00e3o entre eles promovida no in\u00edcio da manh\u00e3 desta segunda-feira, (5). O parlamentar afirmou tamb\u00e9m que o \u201cCongresso Nacional \u00e9 conservador e liberal\u201d. \u2013 Eu recebi ontem (domingo) uma liga\u00e7\u00e3o do presidente [&hellip;]<\/p>\n","protected":false},"author":2,"featured_media":16034,"comment_status":"open","ping_status":"open","sticky":false,"template":"","format":"standard","meta":[],"categories":[4],"tags":[],"_links":{"self":[{"href":"https:\/\/dgospel.com.br\/portal\/index.php\/wp-json\/wp\/v2\/posts\/16033"}],"collection":[{"href":"https:\/\/dgospel.com.br\/portal\/index.php\/wp-json\/wp\/v2\/posts"}],"about":[{"href":"https:\/\/dgospel.com.br\/portal\/index.php\/wp-json\/wp\/v2\/types\/post"}],"author":[{"embeddable":true,"href":"https:\/\/dgospel.com.br\/portal\/index.php\/wp-json\/wp\/v2\/users\/2"}],"replies":[{"embeddable":true,"href":"https:\/\/dgospel.com.br\/portal\/index.php\/wp-json\/wp\/v2\/comments?post=16033"}],"version-history":[{"count":1,"href":"https:\/\/dgospel.com.br\/portal\/index.php\/wp-json\/wp\/v2\/posts\/16033\/revisions"}],"predecessor-version":[{"id":16035,"href":"https:\/\/dgospel.com.br\/portal\/index.php\/wp-json\/wp\/v2\/posts\/16033\/revisions\/16035"}],"wp:featuredmedia":[{"embeddable":true,"href":"https:\/\/dgospel.com.br\/portal\/index.php\/wp-json\/wp\/v2\/media\/16034"}],"wp:attachment":[{"href":"https:\/\/dgospel.com.br\/portal\/index.php\/wp-json\/wp\/v2\/media?parent=16033"}],"wp:term":[{"taxonomy":"category","embeddable":true,"href":"https:\/\/dgospel.com.br\/portal\/index.php\/wp-json\/wp\/v2\/categories?post=16033"},{"taxonomy":"post_tag","embeddable":true,"href":"https:\/\/dgospel.com.br\/portal\/index.php\/wp-json\/wp\/v2\/tags?post=16033"}],"curies":[{"name":"wp","href":"https:\/\/api.w.org\/{rel}","templated":true}]}}