{"id":16051,"date":"2023-06-07T08:23:05","date_gmt":"2023-06-07T11:23:05","guid":{"rendered":"http:\/\/dgospel.com.br\/portal\/?p=16051"},"modified":"2023-06-07T08:23:07","modified_gmt":"2023-06-07T11:23:07","slug":"projeto-de-leo-barbosa-visa-impedir-suspensao-ou-cancelamento-de-planos-de-saude-de-autistas","status":"publish","type":"post","link":"https:\/\/dgospel.com.br\/portal\/index.php\/2023\/06\/07\/projeto-de-leo-barbosa-visa-impedir-suspensao-ou-cancelamento-de-planos-de-saude-de-autistas\/","title":{"rendered":"Projeto de L\u00e9o Barbosa visa impedir suspens\u00e3o ou cancelamento de planos de sa\u00fade de autistas"},"content":{"rendered":"\n<p>O deputado estadual L\u00e9o Barbosa (Republicanos) apresentou nesta ter\u00e7a-feira, 6, um Projeto de Lei que pro\u00edbe as operadoras de planos de sa\u00fade de suspenderem ou cancelarem os servi\u00e7os prestados a consumidores com Transtorno do Espectro Autista (TEA), sem justa causa e sem aviso pr\u00e9vio.<\/p>\n\n\n\n<p>De acordo com o projeto, mesmo em casos de justa causa, as operadoras dever\u00e3o enviar um aviso pr\u00e9vio aos pacientes e seus respons\u00e1veis legais, com um prazo de 90 dias antes da suspens\u00e3o ou cancelamento dos servi\u00e7os.<\/p>\n\n\n\n<p>Segundo o parlamentar, o objetivo da mat\u00e9ria \u00e9 evitar que os tratamentos de pacientes com TEA sejam descontinuados, em raz\u00e3o da suspens\u00e3o dos atendimentos sem aviso pr\u00e9vio ou tentativa de negocia\u00e7\u00e3o por parte das operadoras.&nbsp;<\/p>\n\n\n\n<p>\u201cEssa lei busca impedir uma situa\u00e7\u00e3o considerada desumana, abusiva e ilegal. N\u00f3s sabemos que os planos de sa\u00fade tentam dificultar ao m\u00e1ximo o fornecimento de atendimentos para os autistas. Hoje com 30 dias de inadimpl\u00eancia, as operadoras j\u00e1 suspendem o servi\u00e7o e para readquirir o atendimento novamente \u00e9 preciso que o usu\u00e1rio entre na justi\u00e7a e \u00e9 aquela luta, toda uma romaria que prejudica muito o paciente&#8221;, defendeu L\u00e9o em plen\u00e1rio.<\/p>\n\n\n\n<p>Barbosa ressaltou tamb\u00e9m que s\u00e3o necess\u00e1rias a\u00e7\u00f5es mais efetivas para melhor atender esse segmento da sociedade.&nbsp;A mat\u00e9ria foi encaminhada \u00e0 Comiss\u00e3o de Constitui\u00e7\u00e3o, Justi\u00e7a e Reda\u00e7\u00e3o (CCJ) da Assembleia Legislativa do Tocantins (Aleto).<\/p>\n","protected":false},"excerpt":{"rendered":"<p>O deputado estadual L\u00e9o Barbosa (Republicanos) apresentou nesta ter\u00e7a-feira, 6, um Projeto de Lei que pro\u00edbe as operadoras de planos de sa\u00fade de suspenderem ou cancelarem os servi\u00e7os prestados a consumidores com Transtorno do Espectro Autista (TEA), sem justa causa e sem aviso pr\u00e9vio. De acordo com o projeto, mesmo em casos de justa causa, [&hellip;]<\/p>\n","protected":false},"author":2,"featured_media":16052,"comment_status":"open","ping_status":"open","sticky":false,"template":"","format":"standard","meta":[],"categories":[8],"tags":[],"_links":{"self":[{"href":"https:\/\/dgospel.com.br\/portal\/index.php\/wp-json\/wp\/v2\/posts\/16051"}],"collection":[{"href":"https:\/\/dgospel.com.br\/portal\/index.php\/wp-json\/wp\/v2\/posts"}],"about":[{"href":"https:\/\/dgospel.com.br\/portal\/index.php\/wp-json\/wp\/v2\/types\/post"}],"author":[{"embeddable":true,"href":"https:\/\/dgospel.com.br\/portal\/index.php\/wp-json\/wp\/v2\/users\/2"}],"replies":[{"embeddable":true,"href":"https:\/\/dgospel.com.br\/portal\/index.php\/wp-json\/wp\/v2\/comments?post=16051"}],"version-history":[{"count":1,"href":"https:\/\/dgospel.com.br\/portal\/index.php\/wp-json\/wp\/v2\/posts\/16051\/revisions"}],"predecessor-version":[{"id":16053,"href":"https:\/\/dgospel.com.br\/portal\/index.php\/wp-json\/wp\/v2\/posts\/16051\/revisions\/16053"}],"wp:featuredmedia":[{"embeddable":true,"href":"https:\/\/dgospel.com.br\/portal\/index.php\/wp-json\/wp\/v2\/media\/16052"}],"wp:attachment":[{"href":"https:\/\/dgospel.com.br\/portal\/index.php\/wp-json\/wp\/v2\/media?parent=16051"}],"wp:term":[{"taxonomy":"category","embeddable":true,"href":"https:\/\/dgospel.com.br\/portal\/index.php\/wp-json\/wp\/v2\/categories?post=16051"},{"taxonomy":"post_tag","embeddable":true,"href":"https:\/\/dgospel.com.br\/portal\/index.php\/wp-json\/wp\/v2\/tags?post=16051"}],"curies":[{"name":"wp","href":"https:\/\/api.w.org\/{rel}","templated":true}]}}