{"id":16057,"date":"2023-06-08T09:46:21","date_gmt":"2023-06-08T12:46:21","guid":{"rendered":"http:\/\/dgospel.com.br\/portal\/?p=16057"},"modified":"2023-06-08T09:46:23","modified_gmt":"2023-06-08T12:46:23","slug":"stf-julgara-gleisi-hoffmann-por-quadrilhao-do-pt-entenda","status":"publish","type":"post","link":"https:\/\/dgospel.com.br\/portal\/index.php\/2023\/06\/08\/stf-julgara-gleisi-hoffmann-por-quadrilhao-do-pt-entenda\/","title":{"rendered":"STF julgar\u00e1 Gleisi Hoffmann por \u201cquadrilh\u00e3o do PT\u201d; entenda"},"content":{"rendered":"\n<p>A presidente do PT e deputada federal Gleisi Hoffmann e seu ex-esposo, o ex-ministro de Lula, Paulo Bernardo, ser\u00e3o julgados pelo Supremo Tribunal Federal, em plen\u00e1rio virtual, entre os dias 16 e 23 de junho.<\/p>\n\n\n\n<p>O relator da a\u00e7\u00e3o \u00e9 o ministro Edson Fachin e o julgamento trata do \u201cquadrilh\u00e3o do PT\u201d, em que foram denunciados, tamb\u00e9m, Lula, Dilma Rousseff, Antonio Palocci, Guido Mantega, Edinho Silva e Jo\u00e3o Vaccari Neto.<\/p>\n\n\n\n<p>Apesar de tantos nomes envolvidos, apenas Gleisi e Bernardo tiveram a den\u00fancia sob j\u00fadice do STF, j\u00e1 que gozam de foro privilegiado na a\u00e7\u00e3o. Os demais tiveram os processos encaminhados \u00e0 primeira inst\u00e2ncia da Justi\u00e7a Federal do Distrito Federal, onde foram absolvidos em dezembro de 2019.<\/p>\n\n\n\n<p>Em 2017, as acusa\u00e7\u00f5es apresentadas pelo ent\u00e3o procurador-geral da Rep\u00fablica, Rodrigo Janot, apontavam que Lula e demais membros do PT teriam formado um esquema de propinas que rendeu R$ 1,48 bilh\u00e3o \u00e0 c\u00fapula do PT entre os anos de 2002 a 2016.<\/p>\n","protected":false},"excerpt":{"rendered":"<p>A presidente do PT e deputada federal Gleisi Hoffmann e seu ex-esposo, o ex-ministro de Lula, Paulo Bernardo, ser\u00e3o julgados pelo Supremo Tribunal Federal, em plen\u00e1rio virtual, entre os dias 16 e 23 de junho. O relator da a\u00e7\u00e3o \u00e9 o ministro Edson Fachin e o julgamento trata do \u201cquadrilh\u00e3o do PT\u201d, em que foram [&hellip;]<\/p>\n","protected":false},"author":2,"featured_media":16058,"comment_status":"open","ping_status":"open","sticky":false,"template":"","format":"standard","meta":[],"categories":[4],"tags":[],"_links":{"self":[{"href":"https:\/\/dgospel.com.br\/portal\/index.php\/wp-json\/wp\/v2\/posts\/16057"}],"collection":[{"href":"https:\/\/dgospel.com.br\/portal\/index.php\/wp-json\/wp\/v2\/posts"}],"about":[{"href":"https:\/\/dgospel.com.br\/portal\/index.php\/wp-json\/wp\/v2\/types\/post"}],"author":[{"embeddable":true,"href":"https:\/\/dgospel.com.br\/portal\/index.php\/wp-json\/wp\/v2\/users\/2"}],"replies":[{"embeddable":true,"href":"https:\/\/dgospel.com.br\/portal\/index.php\/wp-json\/wp\/v2\/comments?post=16057"}],"version-history":[{"count":1,"href":"https:\/\/dgospel.com.br\/portal\/index.php\/wp-json\/wp\/v2\/posts\/16057\/revisions"}],"predecessor-version":[{"id":16059,"href":"https:\/\/dgospel.com.br\/portal\/index.php\/wp-json\/wp\/v2\/posts\/16057\/revisions\/16059"}],"wp:featuredmedia":[{"embeddable":true,"href":"https:\/\/dgospel.com.br\/portal\/index.php\/wp-json\/wp\/v2\/media\/16058"}],"wp:attachment":[{"href":"https:\/\/dgospel.com.br\/portal\/index.php\/wp-json\/wp\/v2\/media?parent=16057"}],"wp:term":[{"taxonomy":"category","embeddable":true,"href":"https:\/\/dgospel.com.br\/portal\/index.php\/wp-json\/wp\/v2\/categories?post=16057"},{"taxonomy":"post_tag","embeddable":true,"href":"https:\/\/dgospel.com.br\/portal\/index.php\/wp-json\/wp\/v2\/tags?post=16057"}],"curies":[{"name":"wp","href":"https:\/\/api.w.org\/{rel}","templated":true}]}}