{"id":16063,"date":"2023-06-12T21:38:12","date_gmt":"2023-06-13T00:38:12","guid":{"rendered":"http:\/\/dgospel.com.br\/portal\/?p=16063"},"modified":"2023-06-12T21:38:14","modified_gmt":"2023-06-13T00:38:14","slug":"missionario-brasileiro-e-assassinado-no-quenia","status":"publish","type":"post","link":"https:\/\/dgospel.com.br\/portal\/index.php\/2023\/06\/12\/missionario-brasileiro-e-assassinado-no-quenia\/","title":{"rendered":"Mission\u00e1rio brasileiro \u00e9 assassinado no Qu\u00eania"},"content":{"rendered":"\n<p>O assassinato do&nbsp;mission\u00e1rio cearense Francisco Ant\u00f4nio Chagas Barbosa, de 39 anos, foi confirmado no \u00faltimo s\u00e1bado, 10 de junho. Ele foi morto a tiros&nbsp;e teve o carro incendiado na capital do&nbsp;<a href=\"https:\/\/portasabertas.org.br\/lista-mundial-da-perseguicao\/quenia\" target=\"_blank\" rel=\"noreferrer noopener\">Qu\u00eania<\/a>, Nairobi.&nbsp;&nbsp;<\/p>\n\n\n\n<p>Segundo a organiza\u00e7\u00e3o Miss\u00e3o Crist\u00e3 Mundial, para a qual o pastor trabalhava, ele j\u00e1 tinha sido v\u00edtima de outros ataques anteriormente, por isso mancava de uma das pernas.&nbsp;O mission\u00e1rio servia em duas regi\u00f5es com persegui\u00e7\u00e3o severa aos crist\u00e3os, o Qu\u00eania e o&nbsp;<a href=\"https:\/\/portasabertas.org.br\/lista-mundial-da-perseguicao\/sudao-do-sul\" target=\"_blank\" rel=\"noreferrer noopener\">Sud\u00e3o do Sul<\/a>.&nbsp;&nbsp;<\/p>\n\n\n\n<p>&nbsp;Os dois pa\u00edses fazem parte da&nbsp;<a href=\"https:\/\/portasabertas.org.br\/lista-mundial\/paises-em-observacao\" target=\"_blank\" rel=\"noreferrer noopener\">Lista de Pa\u00edses em Observa\u00e7\u00e3o 2023<\/a>, ou seja, s\u00e3o locais observados pelos analistas da Portas Abertas por causa dos relatos de persegui\u00e7\u00e3o severa na regi\u00e3o. Ambos j\u00e1 estiveram no ranking dos 50 pa\u00edses mais perigosos da&nbsp;<a href=\"https:\/\/portasabertas.org.br\/lista-mundial\/paises-da-lista\" target=\"_blank\" rel=\"noreferrer noopener\">Lista Mundial da Persegui\u00e7\u00e3o<\/a>&nbsp;em anos anteriores, mas, por causa do agravamento acelerado da persegui\u00e7\u00e3o em outras regi\u00f5es, eles foram superados na lista.&nbsp;<\/p>\n\n\n\n<p>O que aconteceu a Francisco \u00e9 reflexo da realidade de milhares de crist\u00e3os perseguidos no Qu\u00eania e Sud\u00e3o do Sul e em toda a&nbsp;\u00c1frica Subsaariana.&nbsp;Apesar da persegui\u00e7\u00e3o, o diretor da organiza\u00e7\u00e3o que enviou o mission\u00e1rio confirmou a dedica\u00e7\u00e3o de Francisco em entrevista ao portal g1: &#8220;Mas, ele seguia firme no chamado, cuidando de vi\u00favas, \u00f3rf\u00e3os, refugiados das guerras dos pa\u00edses pr\u00f3ximos. Fazia um trabalho excepcional&#8221;.&nbsp;<\/p>\n\n\n\n<p>Francisco deixou esposa e uma filha. Contamos com suas ora\u00e7\u00f5es pela fam\u00edlia do mission\u00e1rio e pela Igreja Perseguida no Qu\u00eania e no Sud\u00e3o do Sul.&nbsp;&nbsp;<\/p>\n\n\n\n<p><strong>Persegui\u00e7\u00e3o a crist\u00e3os no Qu\u00eania<\/strong><\/p>\n\n\n\n<p>Na \u00faltima d\u00e9cada, o Qu\u00eania foi cen\u00e1rio de numerosos ataques mortais do grupo jihadista Al-Shabaab. Embora todos os crist\u00e3os sejam alvo dos radicais isl\u00e2micos, os de origem mu\u00e7ulmana do Nordeste e litoral vivem sob constante amea\u00e7a de ataques, at\u00e9 mesmo dos familiares. A consequ\u00eancia&nbsp;\u00e9 o deslocamento dos crist\u00e3os perseguidos para a capital Nair\u00f3bi ou para outros lugares seguros.&nbsp;<\/p>\n\n\n\n<p>O Al-Shabaab tamb\u00e9m tem forte influ\u00eancia entre a popula\u00e7\u00e3o local e seus membros frequentemente monitoram as atividades dos crist\u00e3os. Por causa da corrup\u00e7\u00e3o e crime organizado, as autoridades n\u00e3o tomam medidas para proteger crist\u00e3os atacados, e por isso encorajam novos atos de persegui\u00e7\u00e3o.&nbsp;&nbsp;<\/p>\n\n\n\n<p>Al\u00e9m disso, a a\u00e7\u00e3o dos jihadistas prejudica os sistemas de educa\u00e7\u00e3o e sa\u00fade regionais, j\u00e1 que a maioria dos professores, profissionais de sa\u00fade e outros prestadores de servi\u00e7os sociais&nbsp;crist\u00e3os&nbsp;deixaram a regi\u00e3o norte por causa da inseguran\u00e7a.&nbsp;<\/p>\n","protected":false},"excerpt":{"rendered":"<p>O assassinato do&nbsp;mission\u00e1rio cearense Francisco Ant\u00f4nio Chagas Barbosa, de 39 anos, foi confirmado no \u00faltimo s\u00e1bado, 10 de junho. Ele foi morto a tiros&nbsp;e teve o carro incendiado na capital do&nbsp;Qu\u00eania, Nairobi.&nbsp;&nbsp; Segundo a organiza\u00e7\u00e3o Miss\u00e3o Crist\u00e3 Mundial, para a qual o pastor trabalhava, ele j\u00e1 tinha sido v\u00edtima de outros ataques anteriormente, por isso [&hellip;]<\/p>\n","protected":false},"author":2,"featured_media":16064,"comment_status":"open","ping_status":"open","sticky":false,"template":"","format":"standard","meta":[],"categories":[5],"tags":[],"_links":{"self":[{"href":"https:\/\/dgospel.com.br\/portal\/index.php\/wp-json\/wp\/v2\/posts\/16063"}],"collection":[{"href":"https:\/\/dgospel.com.br\/portal\/index.php\/wp-json\/wp\/v2\/posts"}],"about":[{"href":"https:\/\/dgospel.com.br\/portal\/index.php\/wp-json\/wp\/v2\/types\/post"}],"author":[{"embeddable":true,"href":"https:\/\/dgospel.com.br\/portal\/index.php\/wp-json\/wp\/v2\/users\/2"}],"replies":[{"embeddable":true,"href":"https:\/\/dgospel.com.br\/portal\/index.php\/wp-json\/wp\/v2\/comments?post=16063"}],"version-history":[{"count":1,"href":"https:\/\/dgospel.com.br\/portal\/index.php\/wp-json\/wp\/v2\/posts\/16063\/revisions"}],"predecessor-version":[{"id":16065,"href":"https:\/\/dgospel.com.br\/portal\/index.php\/wp-json\/wp\/v2\/posts\/16063\/revisions\/16065"}],"wp:featuredmedia":[{"embeddable":true,"href":"https:\/\/dgospel.com.br\/portal\/index.php\/wp-json\/wp\/v2\/media\/16064"}],"wp:attachment":[{"href":"https:\/\/dgospel.com.br\/portal\/index.php\/wp-json\/wp\/v2\/media?parent=16063"}],"wp:term":[{"taxonomy":"category","embeddable":true,"href":"https:\/\/dgospel.com.br\/portal\/index.php\/wp-json\/wp\/v2\/categories?post=16063"},{"taxonomy":"post_tag","embeddable":true,"href":"https:\/\/dgospel.com.br\/portal\/index.php\/wp-json\/wp\/v2\/tags?post=16063"}],"curies":[{"name":"wp","href":"https:\/\/api.w.org\/{rel}","templated":true}]}}