{"id":16069,"date":"2023-06-12T22:36:59","date_gmt":"2023-06-13T01:36:59","guid":{"rendered":"http:\/\/dgospel.com.br\/portal\/?p=16069"},"modified":"2023-06-12T22:37:00","modified_gmt":"2023-06-13T01:37:00","slug":"em-reconhecimento-as-acoes-desenvolvidas-pela-ssp-to-nas-eleicoes-2022-justica-eleitoral-concede-medalha-de-merito","status":"publish","type":"post","link":"https:\/\/dgospel.com.br\/portal\/index.php\/2023\/06\/12\/em-reconhecimento-as-acoes-desenvolvidas-pela-ssp-to-nas-eleicoes-2022-justica-eleitoral-concede-medalha-de-merito\/","title":{"rendered":"Em reconhecimento \u00e0s a\u00e7\u00f5es desenvolvidas pela SSP-TO nas Elei\u00e7\u00f5es 2022, Justi\u00e7a Eleitoral concede Medalha de M\u00e9rito"},"content":{"rendered":"\n<p>Em nome da Secretaria da Seguran\u00e7a P\u00fablica do Tocantins, o secret\u00e1rio Wlademir Mota Oliveira recebeu das m\u00e3os da ju\u00edza Ana Paula Brand\u00e3o Brasil, a Medalha do M\u00e9rito Eleitoral do Tocantins. A condecora\u00e7\u00e3o foi concedida nesta segunda-feira, 12, em reconhecimento ao comprometimento e \u00e0 dedica\u00e7\u00e3o da Secretaria, demonstrados juntos \u00e0 Justi\u00e7a Eleitoral.<\/p>\n\n\n\n<p>O presidente do Tribunal Regional Eleitoral (TRE), desembargador Helv\u00e9cio de Brito Maia Neto, refor\u00e7ou que se trata do reconhecimento do dever cumprido pela institui\u00e7\u00e3o. \u201cO dever foi cumprido com zelo, compet\u00eancia e brilhantismo pelas for\u00e7as de seguran\u00e7a,&nbsp;pela Pol\u00edcia Civil, por toda a Secretaria de Estado da Seguran\u00e7a P\u00fablica. Por isso, optamos por homenagear a Secretaria e n\u00e3o pessoas espec\u00edficas, porque s\u00e3o muitos os envolvidos\u201d, informou o presidente.&nbsp;<\/p>\n\n\n\n<p>Como lembrado na cerim\u00f4nia, a SSP-TO teve papel de destaque na preven\u00e7\u00e3o, na investiga\u00e7\u00e3o e na repress\u00e3o de crimes eleitorais contribuindo de forma inestim\u00e1vel para a confiabilidade das elei\u00e7\u00f5es em 2022 e seguran\u00e7a de todos os envolvidos. A Secretaria ainda contribuiu com a elabora\u00e7\u00e3o do Plano Integrado de Seguran\u00e7a P\u00fablica, ao coordenar a\u00e7\u00f5es de seguran\u00e7a e de intelig\u00eancia, determinar refor\u00e7o nas delegacias no dia da elei\u00e7\u00e3o e desempenhar a\u00e7\u00f5es com outros \u00f3rg\u00e3os.<\/p>\n\n\n\n<p>Acompanhando de parte da equipe gestora, o secret\u00e1rio Wlademir Mota reconheceu o comprometimento de todos os servidores da pasta. \u201cRecebo com muita emo\u00e7\u00e3o essa honraria em nome de cada servidor que atua na Secretaria, nas mais variadas fun\u00e7\u00f5es e em todos os munic\u00edpios do Estado. Ningu\u00e9m faz nada sozinho e, juntos, somos cada vez mais fortes, efetivos e eficazes. Agradecemos ao TRE pelo reconhecimento e reafirmamos nosso empenho de continuar fazendo sempre o melhor\u201d, afirmou.<\/p>\n\n\n\n<p>Al\u00e9m da SSP-TO, outras institui\u00e7\u00f5es e pessoas f\u00edsicas tamb\u00e9m foram homenageadas.<\/p>\n\n\n\n<p><\/p>\n\n\n\n<p><img src=\"https:\/\/central.to.gov.br\/image\/333828?w=670&amp;h=383\"><\/p>\n\n\n\n<p>Al\u00e9m da SSP-TO, outras institui\u00e7\u00f5es e pessoas f\u00edsicas foram homenageadas &#8211; Luiz de Castro\/Governo do Tocantins<\/p>\n\n\n\n<p><img src=\"https:\/\/central.to.gov.br\/image\/333829?w=670&amp;h=383\"><\/p>\n\n\n\n<p>Parte da equipe da SSP-TO tamb\u00e9m participou da cerim\u00f4nia de entrega &#8211; Luiz de Castro\/Governo do Tocantins\u00a0<\/p>\n","protected":false},"excerpt":{"rendered":"<p>Em nome da Secretaria da Seguran\u00e7a P\u00fablica do Tocantins, o secret\u00e1rio Wlademir Mota Oliveira recebeu das m\u00e3os da ju\u00edza Ana Paula Brand\u00e3o Brasil, a Medalha do M\u00e9rito Eleitoral do Tocantins. A condecora\u00e7\u00e3o foi concedida nesta segunda-feira, 12, em reconhecimento ao comprometimento e \u00e0 dedica\u00e7\u00e3o da Secretaria, demonstrados juntos \u00e0 Justi\u00e7a Eleitoral. O presidente do Tribunal [&hellip;]<\/p>\n","protected":false},"author":2,"featured_media":16070,"comment_status":"open","ping_status":"open","sticky":false,"template":"","format":"standard","meta":[],"categories":[3],"tags":[13],"_links":{"self":[{"href":"https:\/\/dgospel.com.br\/portal\/index.php\/wp-json\/wp\/v2\/posts\/16069"}],"collection":[{"href":"https:\/\/dgospel.com.br\/portal\/index.php\/wp-json\/wp\/v2\/posts"}],"about":[{"href":"https:\/\/dgospel.com.br\/portal\/index.php\/wp-json\/wp\/v2\/types\/post"}],"author":[{"embeddable":true,"href":"https:\/\/dgospel.com.br\/portal\/index.php\/wp-json\/wp\/v2\/users\/2"}],"replies":[{"embeddable":true,"href":"https:\/\/dgospel.com.br\/portal\/index.php\/wp-json\/wp\/v2\/comments?post=16069"}],"version-history":[{"count":1,"href":"https:\/\/dgospel.com.br\/portal\/index.php\/wp-json\/wp\/v2\/posts\/16069\/revisions"}],"predecessor-version":[{"id":16071,"href":"https:\/\/dgospel.com.br\/portal\/index.php\/wp-json\/wp\/v2\/posts\/16069\/revisions\/16071"}],"wp:featuredmedia":[{"embeddable":true,"href":"https:\/\/dgospel.com.br\/portal\/index.php\/wp-json\/wp\/v2\/media\/16070"}],"wp:attachment":[{"href":"https:\/\/dgospel.com.br\/portal\/index.php\/wp-json\/wp\/v2\/media?parent=16069"}],"wp:term":[{"taxonomy":"category","embeddable":true,"href":"https:\/\/dgospel.com.br\/portal\/index.php\/wp-json\/wp\/v2\/categories?post=16069"},{"taxonomy":"post_tag","embeddable":true,"href":"https:\/\/dgospel.com.br\/portal\/index.php\/wp-json\/wp\/v2\/tags?post=16069"}],"curies":[{"name":"wp","href":"https:\/\/api.w.org\/{rel}","templated":true}]}}