{"id":16072,"date":"2023-06-12T22:39:39","date_gmt":"2023-06-13T01:39:39","guid":{"rendered":"http:\/\/dgospel.com.br\/portal\/?p=16072"},"modified":"2023-06-12T22:39:41","modified_gmt":"2023-06-13T01:39:41","slug":"governo-do-tocantins-promove-intensa-agenda-local-e-internacional-que-marcou-a-semana-mundial-do-meio-ambiente","status":"publish","type":"post","link":"https:\/\/dgospel.com.br\/portal\/index.php\/2023\/06\/12\/governo-do-tocantins-promove-intensa-agenda-local-e-internacional-que-marcou-a-semana-mundial-do-meio-ambiente\/","title":{"rendered":"Governo do Tocantins promove intensa agenda local e internacional que marcou a Semana Mundial do Meio Ambiente"},"content":{"rendered":"\n<p>A Semana Mundial do Meio Ambiente, comemorada entre os dias 5 e 9 de junho, foi marcada por uma intensa agenda local e internacional, promovida pela Secretaria de Estado do Meio Ambiente e Recursos H\u00eddricos (Semarh), com a participa\u00e7\u00e3o dos Comit\u00eas de Bacias Hidrogr\u00e1ficas, tendo como destaques a assinatura hist\u00f3rica do acordo t\u00e9cnico e comercial em Genebra, na Su\u00ed\u00e7a, com a&nbsp;<em>Mercuria Energy Trading<\/em>&nbsp;S\/A para a qualifica\u00e7\u00e3o e a certifica\u00e7\u00e3o dos cr\u00e9ditos de carbono.<\/p>\n\n\n\n<p>Enquanto isto, o Tocantins foi homenageado no 1\u00b0&nbsp;<em>Workshop<\/em>&nbsp;T\u00e9cnico de Sensoriamento Remoto na Universidade de Direito da Calif\u00f3rnia (Ucla), Los Angeles &#8211; EUA, organizado pelo Secretariado da For\u00e7a-Tarefa dos Governadores para o Clima e Florestas (GCF Task Force). Estavam presentes no evento Brasil, M\u00e9xico, Indon\u00e9sia e Peru. O&nbsp;<em>Workshop<\/em>&nbsp;reuniu representantes da equipe t\u00e9cnica das jurisdi\u00e7\u00f5es membros da For\u00e7a-Tarefa do GCF para quatro dias de interc\u00e2mbio sobre metodologias de coleta de dados de sensoriamento remoto, ferramentas geoespaciais e recursos de processamento de dados. O evento contou com a participa\u00e7\u00e3o da analista ambiental da Semarh, Oliria Morgana Menezes.<\/p>\n\n\n\n<p>\u201cA Semana do Meio Ambiente foi extremamente comemorada de norte a sul do Estado. E vejo que a assinatura com a&nbsp;<em>Mercuria<\/em>, no dia 5 de junho, define dois momentos; um momento antes deste ato e, outro momento, depois deste ato que coloca o Tocantins na vanguarda do enfrentamento da crise clim\u00e1tica mundial. Isto demonstra o compromisso do governador Wanderlei Barbosa com a pol\u00edtica ambiental\u201d, afirmou o secret\u00e1rio de Estado do Meio Ambiente e&nbsp;Recursos H\u00eddricos, Marcello Lelis.<\/p>\n\n\n\n<p>Com a assinatura do acordo, a&nbsp;<em>Mercuria<\/em>, que \u00e9 uma das maiores empresas do mundo no segmento de energia e commodities, compromete-se a investir aproximadamente R$ 20 milh\u00f5es em servi\u00e7os t\u00e9cnicos para o cumprimento dos requisitos de certifica\u00e7\u00e3o dos cr\u00e9ditos de carbono em um padr\u00e3o internacional. Outros R$ 10 a 20 milh\u00f5es ser\u00e3o investidos no registro desses cr\u00e9ditos, o que permitir\u00e1 ao Tocantins tornar-se eleg\u00edvel para atuar no mercado de carbono volunt\u00e1rio e utilizar os seus ativos ambientais como forma de gerar recursos para investir na preserva\u00e7\u00e3o ambiental e no desenvolvimento sustent\u00e1vel do Estado.<\/p>\n\n\n\n<p>Em outra frente, em solo tocantinense, o projeto&nbsp;<em>Foco no Fogo<\/em>&nbsp;seguiu com visitas aos munic\u00edpios de Miranorte, Ponte Alta e Tocant\u00ednia, incluindo escolas, propriedades rurais e comunidades ind\u00edgenas, conscientizando a popula\u00e7\u00e3o contra as queimadas ilegais e inc\u00eandios florestais. Al\u00e9m disso, a equipe do&nbsp;<em>Foco no Fogo<\/em>&nbsp;tamb\u00e9m promoveu uma blitz educativa na rodovia TO-050 para alertar os motoristas sobre os riscos e os preju\u00edzos causados pelas queimadas ilegais.<\/p>\n\n\n\n<p><strong>Plantio de mudas<\/strong><\/p>\n\n\n\n<p>Educa\u00e7\u00e3o ambiental e plantio de mudas foram o foco das a\u00e7\u00f5es promovidas pelos Comit\u00eas de Bacias Hidrogr\u00e1ficas. No norte do Estado, o Comit\u00ea de Bacia Hidrogr\u00e1fica do Rio Lontra e Corda e com os munic\u00edpios membros, promoveram, durante toda a semana, palestras nas escolas destacando a import\u00e2ncia da boa gest\u00e3o dos Recursos H\u00eddricos. O comit\u00ea tamb\u00e9m realizou o plantio de mudas nativas do Cerrado para recupera\u00e7\u00e3o de nascentes que foram cultivadas no Centro de Recupera\u00e7\u00e3o de \u00c1reas Degradadas (Crads).<\/p>\n\n\n\n<p>A mesma a\u00e7\u00e3o tamb\u00e9m foi promovida pelo Comit\u00ea de Bacia Hidrogr\u00e1fica do Rio Formoso, pelo Comit\u00ea das Bacias Hidrogr\u00e1ficas dos Rios Santo Ant\u00f4nio e Santa Tereza e pelo Comit\u00ea da Bacia Hidrogr\u00e1fica do Rio Manuel Alves. Em todo o Estado, os Comit\u00eas somaram o total de 5 mil mudas plantadas para recupera\u00e7\u00e3o de nascentes e \u00e1reas degradadas. J\u00e1 o Comit\u00ea da Bacia Hidrogr\u00e1fica do Lago de Palmas levou para a Pra\u00e7a da Sustentabilidade instalada no Centro de Conven\u00e7\u00f5es Arnaud Rodrigues as a\u00e7\u00f5es desenvolvidas pelo comit\u00ea.<\/p>\n\n\n\n<p><strong>Entrega de kits<\/strong><\/p>\n\n\n\n<p>Somada a todas estas a\u00e7\u00f5es, a Semarh tamb\u00e9m entrou kits contendo um&nbsp;<em>fotobook<\/em>&nbsp;sobre a Estrat\u00e9gia Tocantins Competitivo e Sustent\u00e1vel e uma muda nativa do Cerrado, com uma carta assinada pelo governador Wanderlei Barbosa e pelo secret\u00e1rio Marcello Lelis a diversas autoridades e profissionais da imprensa. A proposta foi demonstrar, por meio deste gesto, o compromisso do Governo do Tocantins com a agenda ambiental, buscando cada vez mais o engajamento dos diversos atores em prol das a\u00e7\u00f5es do REDD+, tendo em vista a necessidade de conserva\u00e7\u00e3o da vegeta\u00e7\u00e3o nativa para evitar as emiss\u00f5es dos gases do efeito estufa.<\/p>\n\n\n\n<p><\/p>\n\n\n\n<p><img src=\"https:\/\/central.to.gov.br\/image\/333851?w=670&amp;h=383\"><\/p>\n\n\n\n<p>Tocantins foi homenageado no 1\u00b0 workshop t\u00e9cnico de Sensoriamento Remoto na Universidade de Direito da Calif\u00f3rnia (UCLA), Los Angeles \u2013 EUA &#8211; Divulga\u00e7\u00e3o\u00a0<\/p>\n\n\n\n<p><img src=\"https:\/\/central.to.gov.br\/image\/333853?w=670&amp;h=383\"><\/p>\n\n\n\n<p>Ao todo, os Comit\u00eas de Bacias Hidrogr\u00e1ficas realizaram o plantio de 5 mil mudas nativas do Cerrado &#8211; Governo do Tocantins<\/p>\n\n\n\n<p><img src=\"https:\/\/central.to.gov.br\/image\/333852?w=670&amp;h=383\"><\/p>\n\n\n\n<p>Na Semana Mundial do Meio Ambiente, o Foco no Fogo visitou os munic\u00edpios de Miranorte, Ponte Alta e Tocant\u00ednia &#8211; Fernando Alves\/Governo do Tocantins\u00a0<\/p>\n\n\n\n<p><img src=\"https:\/\/central.to.gov.br\/image\/333854?w=670&amp;h=383\"><\/p>\n\n\n\n<p>Semarh entregou, na Semana do Meio Ambiente, kits a diversas autoridades do Estado &#8211; Marcel de Paula\/Governo do Tocantins\u00a0<\/p>\n","protected":false},"excerpt":{"rendered":"<p>A Semana Mundial do Meio Ambiente, comemorada entre os dias 5 e 9 de junho, foi marcada por uma intensa agenda local e internacional, promovida pela Secretaria de Estado do Meio Ambiente e Recursos H\u00eddricos (Semarh), com a participa\u00e7\u00e3o dos Comit\u00eas de Bacias Hidrogr\u00e1ficas, tendo como destaques a assinatura hist\u00f3rica do acordo t\u00e9cnico e comercial [&hellip;]<\/p>\n","protected":false},"author":2,"featured_media":16073,"comment_status":"open","ping_status":"open","sticky":false,"template":"","format":"standard","meta":[],"categories":[3],"tags":[13],"_links":{"self":[{"href":"https:\/\/dgospel.com.br\/portal\/index.php\/wp-json\/wp\/v2\/posts\/16072"}],"collection":[{"href":"https:\/\/dgospel.com.br\/portal\/index.php\/wp-json\/wp\/v2\/posts"}],"about":[{"href":"https:\/\/dgospel.com.br\/portal\/index.php\/wp-json\/wp\/v2\/types\/post"}],"author":[{"embeddable":true,"href":"https:\/\/dgospel.com.br\/portal\/index.php\/wp-json\/wp\/v2\/users\/2"}],"replies":[{"embeddable":true,"href":"https:\/\/dgospel.com.br\/portal\/index.php\/wp-json\/wp\/v2\/comments?post=16072"}],"version-history":[{"count":1,"href":"https:\/\/dgospel.com.br\/portal\/index.php\/wp-json\/wp\/v2\/posts\/16072\/revisions"}],"predecessor-version":[{"id":16074,"href":"https:\/\/dgospel.com.br\/portal\/index.php\/wp-json\/wp\/v2\/posts\/16072\/revisions\/16074"}],"wp:featuredmedia":[{"embeddable":true,"href":"https:\/\/dgospel.com.br\/portal\/index.php\/wp-json\/wp\/v2\/media\/16073"}],"wp:attachment":[{"href":"https:\/\/dgospel.com.br\/portal\/index.php\/wp-json\/wp\/v2\/media?parent=16072"}],"wp:term":[{"taxonomy":"category","embeddable":true,"href":"https:\/\/dgospel.com.br\/portal\/index.php\/wp-json\/wp\/v2\/categories?post=16072"},{"taxonomy":"post_tag","embeddable":true,"href":"https:\/\/dgospel.com.br\/portal\/index.php\/wp-json\/wp\/v2\/tags?post=16072"}],"curies":[{"name":"wp","href":"https:\/\/api.w.org\/{rel}","templated":true}]}}