{"id":16078,"date":"2023-06-13T17:48:28","date_gmt":"2023-06-13T20:48:28","guid":{"rendered":"http:\/\/dgospel.com.br\/portal\/?p=16078"},"modified":"2023-06-13T17:48:29","modified_gmt":"2023-06-13T20:48:29","slug":"apos-solicitacao-de-leo-barbosa-procon-to-fiscaliza-a-aplicacao-da-lei-que-obriga-a-identificacao-de-atendimento-prioritario-para-autistas","status":"publish","type":"post","link":"https:\/\/dgospel.com.br\/portal\/index.php\/2023\/06\/13\/apos-solicitacao-de-leo-barbosa-procon-to-fiscaliza-a-aplicacao-da-lei-que-obriga-a-identificacao-de-atendimento-prioritario-para-autistas\/","title":{"rendered":"Ap\u00f3s solicita\u00e7\u00e3o de L\u00e9o Barbosa, Procon TO fiscaliza a aplica\u00e7\u00e3o da\u00a0lei que obriga a identifica\u00e7\u00e3o de atendimento priorit\u00e1rio para autistas"},"content":{"rendered":"\n<p>Ap\u00f3s solicita\u00e7\u00e3o do deputado estadual L\u00e9o Barbosa (Republicanos), o Procon Tocantins iniciou nesta ter\u00e7a-feira, 13, uma a\u00e7\u00e3o educativa para fiscalizar e instruir os comerciantes sobre o cumprimento da lei&nbsp;n\u00ba 3.264\/17, que \u201cDisp\u00f5e sobre a obrigatoriedade de inclus\u00e3o do s\u00edmbolo do Transtorno do Espectro Autista (TEA) nas placas ou avisos de atendimento priorit\u00e1rio no Estado do Tocantins\u201d.<\/p>\n\n\n\n<p>Segundo o gerente de fiscaliza\u00e7\u00f5es do \u00f3rg\u00e3o, Magno Silva, a opera\u00e7\u00e3o acontecer\u00e1 at\u00e9 o dia 23 de junho e o objetivo \u00e9 abranger os maiores munic\u00edpios do estado, informando e notificando os comerciantes sobre a obrigatoriedade do s\u00edmbolo nas placas. \u201cEstamos notificando as empresas para se adequarem \u00e0 lei e a ideia \u00e9 fazer a opera\u00e7\u00e3o nas maiores cidades do estado\u201d, explicou Magno.<\/p>\n\n\n\n<p>O deputado L\u00e9o Barbosa agradeceu ao Procon Tocantins pelo atendimento \u00e0 solicita\u00e7\u00e3o e destacou a import\u00e2ncia da a\u00e7\u00e3o. \u201cAgrade\u00e7o ao PROCON por realizar a fiscaliza\u00e7\u00e3o para instruir os estabelecimentos a dar efetiva\u00e7\u00e3o a esta importante norma. O direito ao atendimento priorit\u00e1rio para as pessoas neurodivergentes&nbsp;\u00e9 muito significativo, porque a redu\u00e7\u00e3o do tempo nas filas de espera pelos autistas pode contribuir para evitar estresse e crises&#8221;, ressaltou o parlamentar.<\/p>\n","protected":false},"excerpt":{"rendered":"<p>Ap\u00f3s solicita\u00e7\u00e3o do deputado estadual L\u00e9o Barbosa (Republicanos), o Procon Tocantins iniciou nesta ter\u00e7a-feira, 13, uma a\u00e7\u00e3o educativa para fiscalizar e instruir os comerciantes sobre o cumprimento da lei&nbsp;n\u00ba 3.264\/17, que \u201cDisp\u00f5e sobre a obrigatoriedade de inclus\u00e3o do s\u00edmbolo do Transtorno do Espectro Autista (TEA) nas placas ou avisos de atendimento priorit\u00e1rio no Estado do [&hellip;]<\/p>\n","protected":false},"author":2,"featured_media":16079,"comment_status":"open","ping_status":"open","sticky":false,"template":"","format":"standard","meta":[],"categories":[8],"tags":[],"_links":{"self":[{"href":"https:\/\/dgospel.com.br\/portal\/index.php\/wp-json\/wp\/v2\/posts\/16078"}],"collection":[{"href":"https:\/\/dgospel.com.br\/portal\/index.php\/wp-json\/wp\/v2\/posts"}],"about":[{"href":"https:\/\/dgospel.com.br\/portal\/index.php\/wp-json\/wp\/v2\/types\/post"}],"author":[{"embeddable":true,"href":"https:\/\/dgospel.com.br\/portal\/index.php\/wp-json\/wp\/v2\/users\/2"}],"replies":[{"embeddable":true,"href":"https:\/\/dgospel.com.br\/portal\/index.php\/wp-json\/wp\/v2\/comments?post=16078"}],"version-history":[{"count":1,"href":"https:\/\/dgospel.com.br\/portal\/index.php\/wp-json\/wp\/v2\/posts\/16078\/revisions"}],"predecessor-version":[{"id":16080,"href":"https:\/\/dgospel.com.br\/portal\/index.php\/wp-json\/wp\/v2\/posts\/16078\/revisions\/16080"}],"wp:featuredmedia":[{"embeddable":true,"href":"https:\/\/dgospel.com.br\/portal\/index.php\/wp-json\/wp\/v2\/media\/16079"}],"wp:attachment":[{"href":"https:\/\/dgospel.com.br\/portal\/index.php\/wp-json\/wp\/v2\/media?parent=16078"}],"wp:term":[{"taxonomy":"category","embeddable":true,"href":"https:\/\/dgospel.com.br\/portal\/index.php\/wp-json\/wp\/v2\/categories?post=16078"},{"taxonomy":"post_tag","embeddable":true,"href":"https:\/\/dgospel.com.br\/portal\/index.php\/wp-json\/wp\/v2\/tags?post=16078"}],"curies":[{"name":"wp","href":"https:\/\/api.w.org\/{rel}","templated":true}]}}