{"id":16084,"date":"2023-06-14T08:56:51","date_gmt":"2023-06-14T11:56:51","guid":{"rendered":"http:\/\/dgospel.com.br\/portal\/?p=16084"},"modified":"2023-06-14T08:56:52","modified_gmt":"2023-06-14T11:56:52","slug":"efeito-bolsonaro-o-agro-esta-mais-forte-na-economia-e-no-congresso","status":"publish","type":"post","link":"https:\/\/dgospel.com.br\/portal\/index.php\/2023\/06\/14\/efeito-bolsonaro-o-agro-esta-mais-forte-na-economia-e-no-congresso\/","title":{"rendered":"Efeito Bolsonaro : O agro est\u00e1 mais forte na economia e no Congresso"},"content":{"rendered":"\n<p>Al\u00e9m do peso enorme do agro para as finan\u00e7as do pa\u00eds, que j\u00e1 seria o suficiente para um presidente manter uma rela\u00e7\u00e3o harm\u00f4nica e produtiva com o setor, brigar com os empres\u00e1rios do campo n\u00e3o \u00e9 um bom neg\u00f3cio em termos pol\u00edticos. Ao longo dos anos, o setor se organizou no Congresso, criando uma bancada cada vez maior, mais coesa e organizada, que conta hoje com 300 deputados e quarenta senadores \u2014 24% maior do que na legislatura passada, esse efeito se deu conta pelo abra\u00e7o que o setor recebeu do ex presidente Jair Messias Bolsonaro, levando ao agroneg\u00f3cio investimentos e politicas publicas.<\/p>\n\n\n\n<p><a href=\"https:\/\/www.assembleia.pr.leg.br\/assembleia-itinerante\/sugestao-de-melhorias-para-sua-cidade\" target=\"_blank\" rel=\"noreferrer noopener\"><\/a><\/p>\n\n\n\n<p>Em seu terceiro mandato, Lula, que sofre para formar uma base pol\u00edtica no Congresso, j\u00e1 trombou com essa for\u00e7a logo no in\u00edcio do mandato. Contra a vontade do governo, a bancada ruralista se mostrou fundamental na aprova\u00e7\u00e3o do marco temporal na C\u00e2mara (que limita as demarca\u00e7\u00f5es de terras ind\u00edgenas) e atuou para retirar fun\u00e7\u00f5es estrat\u00e9gicas para o setor, como o Cadastro Ambiental Rural e a Ag\u00eancia Nacional de \u00c1guas (ANA) e a cria\u00e7\u00e3o de reservas ind\u00edgenas, da al\u00e7ada de pastas comandadas por ministros considerados hostis como Marina Silva (Meio Ambiente) e Sonia Guajajara (Povos Ind\u00edgenas). Antes, a bancada j\u00e1 havia sido decisiva ao impor a CPI do MST, ferramenta que usar\u00e1 para pressionar o governo e inibir as a\u00e7\u00f5es do movimento dos sem-terra. Informa a Veja<\/p>\n\n\n\n<p>A tentativa de armist\u00edcio com o campo \u00e9 mais do que necess\u00e1ria, tendo em conta a import\u00e2ncia cada vez maior do setor para a economia do pa\u00eds. Na semana passada, o agro deu novas demonstra\u00e7\u00f5es de sua for\u00e7a e relev\u00e2ncia: com um crescimento de 21,6%, puxou para cima o PIB do primeiro trimestre, que na m\u00e9dia teve expans\u00e3o de 1,9% acima do que se esperava.<\/p>\n\n\n\n<p>Entre janeiro e abril, o campo foi respons\u00e1vel por 49% das exporta\u00e7\u00f5es brasileiras, um recorde. A previs\u00e3o \u00e9 que a safra deste ano chegue a 302 milh\u00f5es de toneladas de gr\u00e3os, o que tamb\u00e9m seria hist\u00f3rico. O pa\u00eds \u00e9 o maior exportador mundial de soja e de carne, o terceiro maior produtor de milho e feij\u00e3o e o quarto maior produtor de alimentos do mundo \u2014 atr\u00e1s de Estados Unidos, China e \u00cdndia (que pode superar em 2023). Nos tr\u00eas \u00faltimos anos, o agro foi respons\u00e1vel diretamente por 359\u2009600 vagas de empregos formais, segundo estudo da FGV Agro. \u201cO setor gera emprego e renda em \u00e1reas em que n\u00e3o se tem nenhuma outra atividade econ\u00f4mica\u201d, diz o economista Felippe Serigati, coordenador do Mestrado Profissional em Agroneg\u00f3cio da FGV.<\/p>\n","protected":false},"excerpt":{"rendered":"<p>Al\u00e9m do peso enorme do agro para as finan\u00e7as do pa\u00eds, que j\u00e1 seria o suficiente para um presidente manter uma rela\u00e7\u00e3o harm\u00f4nica e produtiva com o setor, brigar com os empres\u00e1rios do campo n\u00e3o \u00e9 um bom neg\u00f3cio em termos pol\u00edticos. Ao longo dos anos, o setor se organizou no Congresso, criando uma bancada [&hellip;]<\/p>\n","protected":false},"author":2,"featured_media":16085,"comment_status":"open","ping_status":"open","sticky":false,"template":"","format":"standard","meta":[],"categories":[10],"tags":[],"_links":{"self":[{"href":"https:\/\/dgospel.com.br\/portal\/index.php\/wp-json\/wp\/v2\/posts\/16084"}],"collection":[{"href":"https:\/\/dgospel.com.br\/portal\/index.php\/wp-json\/wp\/v2\/posts"}],"about":[{"href":"https:\/\/dgospel.com.br\/portal\/index.php\/wp-json\/wp\/v2\/types\/post"}],"author":[{"embeddable":true,"href":"https:\/\/dgospel.com.br\/portal\/index.php\/wp-json\/wp\/v2\/users\/2"}],"replies":[{"embeddable":true,"href":"https:\/\/dgospel.com.br\/portal\/index.php\/wp-json\/wp\/v2\/comments?post=16084"}],"version-history":[{"count":1,"href":"https:\/\/dgospel.com.br\/portal\/index.php\/wp-json\/wp\/v2\/posts\/16084\/revisions"}],"predecessor-version":[{"id":16086,"href":"https:\/\/dgospel.com.br\/portal\/index.php\/wp-json\/wp\/v2\/posts\/16084\/revisions\/16086"}],"wp:featuredmedia":[{"embeddable":true,"href":"https:\/\/dgospel.com.br\/portal\/index.php\/wp-json\/wp\/v2\/media\/16085"}],"wp:attachment":[{"href":"https:\/\/dgospel.com.br\/portal\/index.php\/wp-json\/wp\/v2\/media?parent=16084"}],"wp:term":[{"taxonomy":"category","embeddable":true,"href":"https:\/\/dgospel.com.br\/portal\/index.php\/wp-json\/wp\/v2\/categories?post=16084"},{"taxonomy":"post_tag","embeddable":true,"href":"https:\/\/dgospel.com.br\/portal\/index.php\/wp-json\/wp\/v2\/tags?post=16084"}],"curies":[{"name":"wp","href":"https:\/\/api.w.org\/{rel}","templated":true}]}}